{"id":1904,"date":"2014-10-24T10:58:10","date_gmt":"2014-10-24T08:58:10","guid":{"rendered":"http:\/\/cpujue.educacion.navarra.es\/blog\/?p=1904"},"modified":"2014-10-24T10:58:10","modified_gmt":"2014-10-24T08:58:10","slug":"la-migracion-de-la-golondrina","status":"publish","type":"post","link":"https:\/\/cpujue.educacion.navarra.es\/blog\/2014\/10\/la-migracion-de-la-golondrina\/","title":{"rendered":"LA MIGRACI\u00d3N DE LA GOLONDRINA"},"content":{"rendered":"<p>Una golondrina muy lista viv\u00eda en Uju\u00e9 y como llegaba el invierno ten\u00eda que emigrar a Am\u00e9rica con su familia. Empezaron el vuelo y al cabo de unas horas llegaron al desierto. D\u00edas despu\u00e9s llegaron al mar. Estuvieron muchos d\u00edas en el mar descansando sobre una roca. Reanudaron el viaje y al cabo de unas horas salieron del mar. Despu\u00e9s pasaron por las ciudades y llegaron a Am\u00e9rica. Hac\u00eda m\u00e1s calor y estuvieron el invierno ah\u00ed y as\u00ed todos los a\u00f1os.<\/p>\n","protected":false},"excerpt":{"rendered":"<p>Una golondrina muy lista viv\u00eda en Uju\u00e9 y como llegaba el invierno ten\u00eda que emigrar a Am\u00e9rica con su familia. Empezaron el vuelo y al cabo de unas horas llegaron al desierto. D\u00edas despu\u00e9s llegaron al mar. Estuvieron muchos d\u00edas &hellip; <a href=\"https:\/\/cpujue.educacion.navarra.es\/blog\/2014\/10\/la-migracion-de-la-golondrina\/\">Sigue leyendo <span class=\"meta-nav\">&rarr;<\/span><\/a><\/p>\n","protected":false},"author":1,"featured_media":0,"comment_status":"open","ping_status":"open","sticky":false,"template":"","format":"standard","meta":[],"categories":[4],"tags":[],"_links":{"self":[{"href":"https:\/\/cpujue.educacion.navarra.es\/blog\/wp-json\/wp\/v2\/posts\/1904"}],"collection":[{"href":"https:\/\/cpujue.educacion.navarra.es\/blog\/wp-json\/wp\/v2\/posts"}],"about":[{"href":"https:\/\/cpujue.educacion.navarra.es\/blog\/wp-json\/wp\/v2\/types\/post"}],"author":[{"embeddable":true,"href":"https:\/\/cpujue.educacion.navarra.es\/blog\/wp-json\/wp\/v2\/users\/1"}],"replies":[{"embeddable":true,"href":"https:\/\/cpujue.educacion.navarra.es\/blog\/wp-json\/wp\/v2\/comments?post=1904"}],"version-history":[{"count":1,"href":"https:\/\/cpujue.educacion.navarra.es\/blog\/wp-json\/wp\/v2\/posts\/1904\/revisions"}],"predecessor-version":[{"id":1905,"href":"https:\/\/cpujue.educacion.navarra.es\/blog\/wp-json\/wp\/v2\/posts\/1904\/revisions\/1905"}],"wp:attachment":[{"href":"https:\/\/cpujue.educacion.navarra.es\/blog\/wp-json\/wp\/v2\/media?parent=1904"}],"wp:term":[{"taxonomy":"category","embeddable":true,"href":"https:\/\/cpujue.educacion.navarra.es\/blog\/wp-json\/wp\/v2\/categories?post=1904"},{"taxonomy":"post_tag","embeddable":true,"href":"https:\/\/cpujue.educacion.navarra.es\/blog\/wp-json\/wp\/v2\/tags?post=1904"}],"curies":[{"name":"wp","href":"https:\/\/api.w.org\/{rel}","templated":true}]}}