{"id":1923,"date":"2014-12-19T10:08:36","date_gmt":"2014-12-19T09:08:36","guid":{"rendered":"http:\/\/cpujue.educacion.navarra.es\/blog\/?p=1923"},"modified":"2014-12-23T21:25:53","modified_gmt":"2014-12-23T20:25:53","slug":"el-girasol","status":"publish","type":"post","link":"https:\/\/cpujue.educacion.navarra.es\/blog\/2014\/12\/el-girasol\/","title":{"rendered":"EL GIRASOL"},"content":{"rendered":"<div id=\"attachment_1999\" style=\"width: 594px\" class=\"wp-caption aligncenter\"><a href=\"https:\/\/cpujue.educacion.navarra.es\/blog\/wp-content\/uploads\/2014\/12\/IMG_9099.jpg\"><img aria-describedby=\"caption-attachment-1999\" loading=\"lazy\" class=\"wp-image-1999 size-large\" src=\"https:\/\/cpujue.educacion.navarra.es\/blog\/wp-content\/uploads\/2014\/12\/IMG_9099-683x1024.jpg\" alt=\"GIRASOLES  EN EL HUERTO\" width=\"584\" height=\"876\" srcset=\"https:\/\/cpujue.educacion.navarra.es\/blog\/wp-content\/uploads\/2014\/12\/IMG_9099-683x1024.jpg 683w, https:\/\/cpujue.educacion.navarra.es\/blog\/wp-content\/uploads\/2014\/12\/IMG_9099-200x300.jpg 200w\" sizes=\"(max-width: 584px) 100vw, 584px\" \/><\/a><p id=\"caption-attachment-1999\" class=\"wp-caption-text\">GIRASOLES EN EL HUERTO<\/p><\/div>\n<p align=\"LEFT\">Sara Rem\u00f3n,\u00a0 la profe de religi\u00f3n,\u00a0 nos trajo las semillas de girasol y el trece de junio las sembramos . En unos 10 d\u00edas germinaron 3 girasoles. El 3 de septiembre salieron las cabezuelas. El 10 de septiembre bajamos al huerto y vimos un mot\u00f3n de abejas polinizando el girasol. El 16 de septiembre llovi\u00f3 y graniz\u00f3 mucho, al girasol se le rompieron las hojas y empez\u00f3 a respirar menos y el tallo se llen\u00f3 de agujeros. El 13 de octubre cogimos las pipas.<\/p>\n<p align=\"LEFT\">A partir de ahora vamos a explicar todo lo que hemos estudiado sobre el girasol.<\/p>\n<p align=\"LEFT\">Las partes del girasol que son: ra\u00edz, tallo, hojas y cabezuela.<\/p>\n<div id=\"attachment_1985\" style=\"width: 594px\" class=\"wp-caption aligncenter\"><a href=\"https:\/\/cpujue.educacion.navarra.es\/blog\/wp-content\/uploads\/2014\/12\/IMG_9556.jpg\"><img aria-describedby=\"caption-attachment-1985\" loading=\"lazy\" class=\"size-large wp-image-1985\" src=\"https:\/\/cpujue.educacion.navarra.es\/blog\/wp-content\/uploads\/2014\/12\/IMG_9556-1024x682.jpg\" alt=\"LA RA\u00cdZ DEL GIRASOL\" width=\"584\" height=\"388\" srcset=\"https:\/\/cpujue.educacion.navarra.es\/blog\/wp-content\/uploads\/2014\/12\/IMG_9556-1024x682.jpg 1024w, https:\/\/cpujue.educacion.navarra.es\/blog\/wp-content\/uploads\/2014\/12\/IMG_9556-300x200.jpg 300w, https:\/\/cpujue.educacion.navarra.es\/blog\/wp-content\/uploads\/2014\/12\/IMG_9556-450x300.jpg 450w\" sizes=\"(max-width: 584px) 100vw, 584px\" \/><\/a><p id=\"caption-attachment-1985\" class=\"wp-caption-text\">LA RA\u00cdZ DEL GIRASOL<\/p><\/div>\n<p lang=\"es-ES\"><strong>LA RA\u00cdZ<\/strong><\/p>\n<p lang=\"es-ES\"><span style=\"color: #000000;\"><span style=\"font-size: medium;\">La ra\u00edz se sit\u00faa debajo de la tierra. Es marr\u00f3n clara porque no le da la luz del sol. Todas las ra\u00edces no son iguales unas son gruesas y otras son finas. Por dentro es dura pero no tiene la sustancia blanca que tiene el tallo. Las ra\u00edces gruesas son duras y las finas son blandas. <\/span><\/span><\/p>\n<p lang=\"es-ES\"><span style=\"color: #000000;\"><span style=\"font-size: medium;\">Los pelicos de la ra\u00edz son para alimentarse. La ra\u00edz bebe agua y come nutrientes. El agua y los nutrientes suben por el tallo y llegan a la hoja.\u00a0<\/span><\/span><\/p>\n<p lang=\"es-ES\"><strong>EL TALLO<\/strong><\/p>\n<p lang=\"es-ES\"><span style=\"color: #000000;\"><span style=\"font-family: Arial, sans-serif;\"><span style=\"font-size: medium;\">El tallo naci\u00f3 en junio, era peque\u00f1o, creci\u00f3 mucho y med\u00eda 135 cent\u00edmetros en octubre. <\/span><\/span><\/span><\/p>\n<p lang=\"es-ES\"><span style=\"color: #000000;\"><span style=\"font-family: Arial, sans-serif;\"><span style=\"font-size: medium;\">Su color al principio era verde y cuando muri\u00f3 se puso marr\u00f3n.<\/span><\/span><\/span><\/p>\n<p lang=\"es-ES\"><span style=\"color: #000000;\"><span style=\"font-family: Arial, sans-serif;\"><span style=\"font-size: medium;\">Si cortabas el tallo hab\u00eda una sustancia blanca y blanda por dentro.<\/span><\/span><\/span><\/p>\n<p lang=\"es-ES\"><span style=\"color: #000000;\"><span style=\"font-family: Arial, sans-serif;\"><span style=\"font-size: medium;\">Por dentro tiene muchos tubos por donde circula la savia que es la sangre del girasol. <\/span><\/span><\/span><\/p>\n<p lang=\"es-ES\"><span style=\"color: #000000;\"><span style=\"font-family: Arial, sans-serif;\"><span style=\"font-size: medium;\">Por fuera tiene pelicos para protegerse de sus enemigos.<\/span><\/span><\/span><\/p>\n<div id=\"attachment_1949\" style=\"width: 594px\" class=\"wp-caption aligncenter\"><a href=\"https:\/\/cpujue.educacion.navarra.es\/blog\/wp-content\/uploads\/2014\/11\/IMG_9387.jpg\"><img aria-describedby=\"caption-attachment-1949\" loading=\"lazy\" class=\"size-large wp-image-1949\" src=\"https:\/\/cpujue.educacion.navarra.es\/blog\/wp-content\/uploads\/2014\/11\/IMG_9387-1024x682.jpg\" alt=\"SE VE LA SUSTANCIA BLANCA DEL INTERIOR DEL TALLO\" width=\"584\" height=\"388\" srcset=\"https:\/\/cpujue.educacion.navarra.es\/blog\/wp-content\/uploads\/2014\/11\/IMG_9387-1024x682.jpg 1024w, https:\/\/cpujue.educacion.navarra.es\/blog\/wp-content\/uploads\/2014\/11\/IMG_9387-300x200.jpg 300w, https:\/\/cpujue.educacion.navarra.es\/blog\/wp-content\/uploads\/2014\/11\/IMG_9387-450x300.jpg 450w\" sizes=\"(max-width: 584px) 100vw, 584px\" \/><\/a><p id=\"caption-attachment-1949\" class=\"wp-caption-text\">SE VE LA SUSTANCIA BLANCA DEL INTERIOR DEL TALLO<\/p><\/div>\n<div id=\"attachment_1946\" style=\"width: 594px\" class=\"wp-caption aligncenter\"><a href=\"https:\/\/cpujue.educacion.navarra.es\/blog\/wp-content\/uploads\/2014\/11\/IMG_9374.jpg\"><img aria-describedby=\"caption-attachment-1946\" loading=\"lazy\" class=\"size-large wp-image-1946\" src=\"https:\/\/cpujue.educacion.navarra.es\/blog\/wp-content\/uploads\/2014\/11\/IMG_9374-1024x682.jpg\" alt=\"SE VEN LOS TUBOS POR DONDE PASA LA SAVIA.\" width=\"584\" height=\"388\" srcset=\"https:\/\/cpujue.educacion.navarra.es\/blog\/wp-content\/uploads\/2014\/11\/IMG_9374-1024x682.jpg 1024w, https:\/\/cpujue.educacion.navarra.es\/blog\/wp-content\/uploads\/2014\/11\/IMG_9374-300x200.jpg 300w, https:\/\/cpujue.educacion.navarra.es\/blog\/wp-content\/uploads\/2014\/11\/IMG_9374-450x300.jpg 450w\" sizes=\"(max-width: 584px) 100vw, 584px\" \/><\/a><p id=\"caption-attachment-1946\" class=\"wp-caption-text\">SE VEN LOS TUBOS POR DONDE PASA LA SAVIA.<\/p><\/div>\n<p lang=\"es-ES\"><strong>LA\u00a0 HOJA<\/strong><\/p>\n<div id=\"attachment_1941\" style=\"width: 594px\" class=\"wp-caption aligncenter\"><a href=\"https:\/\/cpujue.educacion.navarra.es\/blog\/wp-content\/uploads\/2014\/11\/IMG_8006.jpg\"><img aria-describedby=\"caption-attachment-1941\" loading=\"lazy\" class=\"size-large wp-image-1941\" src=\"https:\/\/cpujue.educacion.navarra.es\/blog\/wp-content\/uploads\/2014\/11\/IMG_8006-1024x682.jpg\" alt=\"LAS HOJAS FORMAN PISOS. NO SE DAN SOMBRA ENTRE ELLAS PORQUE LAS DE ABAJO SON M\u00c1S GRANDES QUE LAS DE ARRIBA.\" width=\"584\" height=\"388\" srcset=\"https:\/\/cpujue.educacion.navarra.es\/blog\/wp-content\/uploads\/2014\/11\/IMG_8006-1024x682.jpg 1024w, https:\/\/cpujue.educacion.navarra.es\/blog\/wp-content\/uploads\/2014\/11\/IMG_8006-300x200.jpg 300w, https:\/\/cpujue.educacion.navarra.es\/blog\/wp-content\/uploads\/2014\/11\/IMG_8006-450x300.jpg 450w\" sizes=\"(max-width: 584px) 100vw, 584px\" \/><\/a><p id=\"caption-attachment-1941\" class=\"wp-caption-text\">LAS HOJAS FORMAN PISOS. NO SE DAN SOMBRA ENTRE ELLAS PORQUE LAS DE ABAJO SON M\u00c1S GRANDES QUE LAS DE ARRIBA.<\/p><\/div>\n<p><strong>C\u00f3mo es<\/strong><\/p>\n<p>Su forma es triangular, dentada y su color es verde, tambi\u00e9n es simple porque solo tiene un fol\u00edolo. Su peciolo sirve para unirse al tallo.<br \/>\nTermina en punta para que se escurra el agua de la lluvia.<br \/>\nLa hoja mas grande de nuestros girasoles mide 20 cm de anchura y 25 cm de largura. Si la tocas ver\u00e1s que es \u00e1spera por su haz y por su env\u00e9s para protegerse de sus depredadores. Las hojas est\u00e1n aplanadas para que cojan la luz del sol<\/p>\n<div id=\"attachment_1943\" style=\"width: 594px\" class=\"wp-caption aligncenter\"><a href=\"https:\/\/cpujue.educacion.navarra.es\/blog\/wp-content\/uploads\/2014\/11\/IMG_8011.jpg\"><img aria-describedby=\"caption-attachment-1943\" loading=\"lazy\" class=\"size-large wp-image-1943\" src=\"https:\/\/cpujue.educacion.navarra.es\/blog\/wp-content\/uploads\/2014\/11\/IMG_8011-1024x682.jpg\" alt=\"EN ESA FOTO SE VE UNA HOJA PRECIOSA Y SIN NINGUN RASGU\u00d1O.\" width=\"584\" height=\"388\" srcset=\"https:\/\/cpujue.educacion.navarra.es\/blog\/wp-content\/uploads\/2014\/11\/IMG_8011-1024x682.jpg 1024w, https:\/\/cpujue.educacion.navarra.es\/blog\/wp-content\/uploads\/2014\/11\/IMG_8011-300x200.jpg 300w, https:\/\/cpujue.educacion.navarra.es\/blog\/wp-content\/uploads\/2014\/11\/IMG_8011-450x300.jpg 450w\" sizes=\"(max-width: 584px) 100vw, 584px\" \/><\/a><p id=\"caption-attachment-1943\" class=\"wp-caption-text\">EN ESA FOTO SE VE UNA HOJA PRECIOSA Y SIN NING\u00daN RASGU\u00d1O.<\/p><\/div>\n<p><strong>Respira<\/strong><\/p>\n<p>La hoja del girasol respira a trav\u00e9s de sus estomas que son peque\u00f1as ventanas que se abren y se cierran a menudo. De d\u00eda respira anh\u00eddrido carb\u00f3nico y expulsa ox\u00edgeno. Y de noche respira ox\u00edgeno y expulsa anh\u00eddrido carb\u00f3nico.<\/p>\n<p><strong>Fabrica alimentos<\/strong><\/p>\n<p>Las hojas adem\u00e1s de respirar fabrican clorofila y alimentos para los humanos y los animales. La ra\u00edz absorbe materia inorg\u00e1nica y agua. La sube por los vasos y llega a la hoja. Ah\u00ed se junta con el anh\u00eddrido carb\u00f3nico, la clorofila y la luz para fabricar la materia org\u00e1nica que es nuestra comida.<\/p>\n<p><strong>LA CABEZUELA<\/strong><\/p>\n<p><span style=\"font-family: Arial, sans-serif;\"><span style=\"font-size: medium;\"><span style=\"color: #000000;\"><span lang=\"es-ES\">La cabezuela del girasol es una flor compuesta<\/span><\/span><span style=\"color: #000000;\"><span lang=\"es-ES\"> como la margarita <\/span><\/span><\/span><\/span><\/p>\n<p><span style=\"font-family: Arial, sans-serif;\"><span style=\"font-size: medium;\"><span style=\"color: #000000;\"><span lang=\"es-ES\">La cabezuela contiene flores interiores y l\u00edgulas. Las l\u00edgulas tienen p\u00e9talos amarillos para atraer a los insectos. Todas sus flores tienen androceo y gineceo. El androceo es la parte masculina de la flor y el gineceo es la parte femenina de la flor. El androceo contiene estambres que tienen filamento y antera. La antera contiene granos de polen amarillos. El gineceo contiene pistilo, estilo y ovario. El ovario produce \u00f3vulos. Cuando el \u00f3vulo se une con el grano de polen se forma la pipa. Cuando un insecto coge el grano de polen lo deja en el estilo, baja por el pistilo y llega al ovario donde se junta con el \u00f3vulo. Ah\u00ed se forma la pipa. <\/span><\/span><\/span><\/span><\/p>\n<p lang=\"es-ES\"><span style=\"color: #000000;\"><span style=\"font-family: Arial, sans-serif;\"><span style=\"font-size: medium;\">De tres girasoles que tuvimos salieron 20 cabezuelas. La m\u00e1s grande med\u00eda 61 cent\u00edmetros de per\u00edmetro y 20 cent\u00edmetros de di\u00e1metro. Pesaba 540 gramos. El peso de las pipas que obtuvimos fue 103,070g pero hab\u00eda de dos clases. Una clase era de pipas gordas y con l\u00edneas blancas y obtuvimos 65,290g y las otras eran flacas, negras y m\u00e1s peque\u00f1as. Su peso era de 37,78g.<\/span><\/span><\/span><\/p>\n<div id=\"attachment_1952\" style=\"width: 594px\" class=\"wp-caption aligncenter\"><a href=\"https:\/\/cpujue.educacion.navarra.es\/blog\/wp-content\/uploads\/2014\/11\/IMG_9108_1.jpg\"><img aria-describedby=\"caption-attachment-1952\" loading=\"lazy\" class=\"size-large wp-image-1952\" src=\"https:\/\/cpujue.educacion.navarra.es\/blog\/wp-content\/uploads\/2014\/11\/IMG_9108_1-1024x682.jpg\" alt=\"SE EST\u00c1N ASOMANDO LAS PRIMERAS L\u00cdGULAS\" width=\"584\" height=\"388\" srcset=\"https:\/\/cpujue.educacion.navarra.es\/blog\/wp-content\/uploads\/2014\/11\/IMG_9108_1-1024x682.jpg 1024w, https:\/\/cpujue.educacion.navarra.es\/blog\/wp-content\/uploads\/2014\/11\/IMG_9108_1-300x200.jpg 300w, https:\/\/cpujue.educacion.navarra.es\/blog\/wp-content\/uploads\/2014\/11\/IMG_9108_1-450x300.jpg 450w\" sizes=\"(max-width: 584px) 100vw, 584px\" \/><\/a><p id=\"caption-attachment-1952\" class=\"wp-caption-text\">SE EST\u00c1N ASOMANDO LAS PRIMERAS L\u00cdGULAS<\/p><\/div>\n<div id=\"attachment_1956\" style=\"width: 594px\" class=\"wp-caption aligncenter\"><a href=\"https:\/\/cpujue.educacion.navarra.es\/blog\/wp-content\/uploads\/2014\/11\/IMG_9208.jpg\"><img aria-describedby=\"caption-attachment-1956\" loading=\"lazy\" class=\"size-large wp-image-1956\" src=\"https:\/\/cpujue.educacion.navarra.es\/blog\/wp-content\/uploads\/2014\/11\/IMG_9208-1024x682.jpg\" alt=\"ASOMA EL C\u00c1LIZ DE LA CABEZUELA\" width=\"584\" height=\"388\" srcset=\"https:\/\/cpujue.educacion.navarra.es\/blog\/wp-content\/uploads\/2014\/11\/IMG_9208-1024x682.jpg 1024w, https:\/\/cpujue.educacion.navarra.es\/blog\/wp-content\/uploads\/2014\/11\/IMG_9208-300x200.jpg 300w, https:\/\/cpujue.educacion.navarra.es\/blog\/wp-content\/uploads\/2014\/11\/IMG_9208-450x300.jpg 450w\" sizes=\"(max-width: 584px) 100vw, 584px\" \/><\/a><p id=\"caption-attachment-1956\" class=\"wp-caption-text\">ASOMA EL C\u00c1LIZ DE LA CABEZUELA<\/p><\/div>\n<p>&nbsp;<\/p>\n<div id=\"attachment_1954\" style=\"width: 594px\" class=\"wp-caption aligncenter\"><a href=\"https:\/\/cpujue.educacion.navarra.es\/blog\/wp-content\/uploads\/2014\/11\/IMG_9122.jpg\"><img aria-describedby=\"caption-attachment-1954\" loading=\"lazy\" class=\"size-large wp-image-1954\" src=\"https:\/\/cpujue.educacion.navarra.es\/blog\/wp-content\/uploads\/2014\/11\/IMG_9122-1024x682.jpg\" alt=\"SE DESARROLLAN LAS FLORES INTERIORES Y LAS L\u00cdGULAS\" width=\"584\" height=\"388\" srcset=\"https:\/\/cpujue.educacion.navarra.es\/blog\/wp-content\/uploads\/2014\/11\/IMG_9122-1024x682.jpg 1024w, https:\/\/cpujue.educacion.navarra.es\/blog\/wp-content\/uploads\/2014\/11\/IMG_9122-300x200.jpg 300w, https:\/\/cpujue.educacion.navarra.es\/blog\/wp-content\/uploads\/2014\/11\/IMG_9122-450x300.jpg 450w\" sizes=\"(max-width: 584px) 100vw, 584px\" \/><\/a><p id=\"caption-attachment-1954\" class=\"wp-caption-text\">SE DESARROLLAN LAS FLORES INTERIORES Y LAS L\u00cdGULAS<\/p><\/div>\n<div id=\"attachment_1953\" style=\"width: 594px\" class=\"wp-caption aligncenter\"><a href=\"https:\/\/cpujue.educacion.navarra.es\/blog\/wp-content\/uploads\/2014\/11\/IMG_9110.jpg\"><img aria-describedby=\"caption-attachment-1953\" loading=\"lazy\" class=\"size-large wp-image-1953\" src=\"https:\/\/cpujue.educacion.navarra.es\/blog\/wp-content\/uploads\/2014\/11\/IMG_9110-1024x682.jpg\" alt=\"EL POLEN EST\u00c1 SOSTENIDO POR LOS FILAMENTOS\" width=\"584\" height=\"388\" srcset=\"https:\/\/cpujue.educacion.navarra.es\/blog\/wp-content\/uploads\/2014\/11\/IMG_9110-1024x682.jpg 1024w, https:\/\/cpujue.educacion.navarra.es\/blog\/wp-content\/uploads\/2014\/11\/IMG_9110-300x200.jpg 300w, https:\/\/cpujue.educacion.navarra.es\/blog\/wp-content\/uploads\/2014\/11\/IMG_9110-450x300.jpg 450w\" sizes=\"(max-width: 584px) 100vw, 584px\" \/><\/a><p id=\"caption-attachment-1953\" class=\"wp-caption-text\">EL POLEN EST\u00c1 SOSTENIDO POR LOS FILAMENTOS<\/p><\/div>\n<div id=\"attachment_1955\" style=\"width: 594px\" class=\"wp-caption aligncenter\"><a href=\"https:\/\/cpujue.educacion.navarra.es\/blog\/wp-content\/uploads\/2014\/11\/IMG_9232.jpg\"><img aria-describedby=\"caption-attachment-1955\" loading=\"lazy\" class=\"size-large wp-image-1955\" src=\"https:\/\/cpujue.educacion.navarra.es\/blog\/wp-content\/uploads\/2014\/11\/IMG_9232-1024x682.jpg\" alt=\"LAS ABEJAS POLINIZAN AL GIRASOL\" width=\"584\" height=\"388\" srcset=\"https:\/\/cpujue.educacion.navarra.es\/blog\/wp-content\/uploads\/2014\/11\/IMG_9232-1024x682.jpg 1024w, https:\/\/cpujue.educacion.navarra.es\/blog\/wp-content\/uploads\/2014\/11\/IMG_9232-300x200.jpg 300w, https:\/\/cpujue.educacion.navarra.es\/blog\/wp-content\/uploads\/2014\/11\/IMG_9232-450x300.jpg 450w\" sizes=\"(max-width: 584px) 100vw, 584px\" \/><\/a><p id=\"caption-attachment-1955\" class=\"wp-caption-text\">LAS ABEJAS POLINIZAN AL GIRASOL<\/p><\/div>\n<div id=\"attachment_1957\" style=\"width: 594px\" class=\"wp-caption aligncenter\"><a href=\"https:\/\/cpujue.educacion.navarra.es\/blog\/wp-content\/uploads\/2014\/11\/IMG_9275.jpg\"><img aria-describedby=\"caption-attachment-1957\" loading=\"lazy\" class=\"size-large wp-image-1957\" src=\"https:\/\/cpujue.educacion.navarra.es\/blog\/wp-content\/uploads\/2014\/11\/IMG_9275-1024x682.jpg\" alt=\"HAN SALIDO LAS PIPAS\" width=\"584\" height=\"388\" srcset=\"https:\/\/cpujue.educacion.navarra.es\/blog\/wp-content\/uploads\/2014\/11\/IMG_9275-1024x682.jpg 1024w, https:\/\/cpujue.educacion.navarra.es\/blog\/wp-content\/uploads\/2014\/11\/IMG_9275-300x200.jpg 300w, https:\/\/cpujue.educacion.navarra.es\/blog\/wp-content\/uploads\/2014\/11\/IMG_9275-450x300.jpg 450w\" sizes=\"(max-width: 584px) 100vw, 584px\" \/><\/a><p id=\"caption-attachment-1957\" class=\"wp-caption-text\">HAN SALIDO LAS PIPAS<\/p><\/div>\n<div id=\"attachment_1958\" style=\"width: 594px\" class=\"wp-caption aligncenter\"><a href=\"https:\/\/cpujue.educacion.navarra.es\/blog\/wp-content\/uploads\/2014\/11\/IMG_9363.jpg\"><img aria-describedby=\"caption-attachment-1958\" loading=\"lazy\" class=\"wp-image-1958 size-large\" src=\"https:\/\/cpujue.educacion.navarra.es\/blog\/wp-content\/uploads\/2014\/11\/IMG_9363-1024x682.jpg\" alt=\"ESA CABEZUELA ES LA MAS GRANDE Y EST\u00c1 LLENA DE PIPAS\" width=\"584\" height=\"388\" srcset=\"https:\/\/cpujue.educacion.navarra.es\/blog\/wp-content\/uploads\/2014\/11\/IMG_9363-1024x682.jpg 1024w, https:\/\/cpujue.educacion.navarra.es\/blog\/wp-content\/uploads\/2014\/11\/IMG_9363-300x200.jpg 300w, https:\/\/cpujue.educacion.navarra.es\/blog\/wp-content\/uploads\/2014\/11\/IMG_9363-450x300.jpg 450w\" sizes=\"(max-width: 584px) 100vw, 584px\" \/><\/a><p id=\"caption-attachment-1958\" class=\"wp-caption-text\">ESA CABEZUELA ES LA M\u00c1S GRANDE Y EST\u00c1 LLENA DE PIPAS<\/p><\/div>\n<p><strong>PIPAS ARTESANAS DE UJU\u00c9<\/strong><\/p>\n<p><strong><span style=\"font-family: Arial,sans-serif;\"><span style=\"font-size: medium;\">Ingredientes: <\/span><\/span><\/strong><\/p>\n<p lang=\"es-ES\"><span style=\"color: #000000;\"><span style=\"font-family: Arial, sans-serif;\"><span style=\"font-size: medium;\"> . 30g de SAL FINA<\/span><\/span><\/span><\/p>\n<p lang=\"es-ES\"><span style=\"color: #000000;\"><span style=\"font-family: Arial, sans-serif;\"><span style=\"font-size: medium;\"> . 103,70g de PIPAS <\/span><\/span><\/span><\/p>\n<p lang=\"es-ES\"><span style=\"color: #000000;\"><span style=\"font-family: Arial, sans-serif;\"><span style=\"font-size: medium;\"> . 100ml de AGUA<\/span><\/span><\/span><\/p>\n<p lang=\"es-ES\"><strong><span style=\"color: #000000;\"><span style=\"font-family: Arial,sans-serif;\"><span style=\"font-size: medium;\">Utensilios:\u00a0<\/span><\/span><\/span><\/strong><\/p>\n<h1 class=\"western\">. CUCHARA<\/h1>\n<p>.<strong>TRAPO DE COCINA<\/strong><\/p>\n<p lang=\"es-ES\"><strong><span style=\"color: #000000;\"><span style=\"font-family: Arial, sans-serif;\"><span style=\"font-size: medium;\"> . HORNILLO<\/span><\/span><\/span><\/strong><\/p>\n<p lang=\"es-ES\"><strong><span style=\"color: #000000;\"><span style=\"font-family: Arial, sans-serif;\"><span style=\"font-size: medium;\"> . BANDEJA MET\u00c1LICA<\/span><\/span><\/span><\/strong><\/p>\n<h1 class=\"western\"><strong>\u00a0<span style=\"color: #000000;\"><span lang=\"es-ES\">. VASO<br \/>\n<\/span><\/span><\/strong><\/h1>\n<p><span style=\"font-family: Arial, sans-serif;\"><span style=\"font-size: medium;\"><strong>Modo de hacerlo<\/strong><br \/>\n<\/span><\/span><\/p>\n<p><span style=\"font-family: Arial, sans-serif;\"><span style=\"font-size: medium;\">Lo primero que se hace es coger el hornillo y ponerlo a calentar al seis. Cuando se calienta el hornillo se baja al uno y se echan las pipas a la bandeja y lentamente esperamos a que se tuesten. Se remueven las pipas con la cuchara para que no se quemen. Cuando est\u00e1n tostadas se coge una y se abre, si al abrirla cruje es que est\u00e1 hecha. <\/span><\/span><\/p>\n<div id=\"attachment_1926\" style=\"width: 594px\" class=\"wp-caption aligncenter\"><a href=\"https:\/\/cpujue.educacion.navarra.es\/blog\/wp-content\/uploads\/2014\/11\/IMG_9473.jpg\"><img aria-describedby=\"caption-attachment-1926\" loading=\"lazy\" class=\"wp-image-1926 size-large\" src=\"https:\/\/cpujue.educacion.navarra.es\/blog\/wp-content\/uploads\/2014\/11\/IMG_9473-1024x682.jpg\" alt=\"IMG_9473\" width=\"584\" height=\"388\" srcset=\"https:\/\/cpujue.educacion.navarra.es\/blog\/wp-content\/uploads\/2014\/11\/IMG_9473-1024x682.jpg 1024w, https:\/\/cpujue.educacion.navarra.es\/blog\/wp-content\/uploads\/2014\/11\/IMG_9473-300x200.jpg 300w, https:\/\/cpujue.educacion.navarra.es\/blog\/wp-content\/uploads\/2014\/11\/IMG_9473-450x300.jpg 450w\" sizes=\"(max-width: 584px) 100vw, 584px\" \/><\/a><p id=\"caption-attachment-1926\" class=\"wp-caption-text\">MERYEM EST\u00c1 ECHANDO SAL AL VASO<\/p><\/div>\n<p lang=\"es-ES\"><span style=\"color: #000000;\"><span style=\"font-family: Arial, sans-serif;\"><span style=\"font-size: medium;\">Se coge un vaso con agua, se le echa la sal y se revuelve. Con la cuchara colocas las pipas en un extremo de la bandeja, coges el vaso y viertes su contenido. Hay que tener mucho cuidado porque igual salta la sal y te quemas. Se revuelven de nuevo y las dejas sobre un trapo para que se enfr\u00eden. <\/span><\/span><\/span><\/p>\n<div id=\"attachment_1924\" style=\"width: 594px\" class=\"wp-caption aligncenter\"><a href=\"https:\/\/cpujue.educacion.navarra.es\/blog\/wp-content\/uploads\/2014\/11\/IMG_9480.jpg\"><img aria-describedby=\"caption-attachment-1924\" loading=\"lazy\" class=\"wp-image-1924 size-large\" src=\"https:\/\/cpujue.educacion.navarra.es\/blog\/wp-content\/uploads\/2014\/11\/IMG_9480-1024x682.jpg\" alt=\"IMG_9480\" width=\"584\" height=\"388\" srcset=\"https:\/\/cpujue.educacion.navarra.es\/blog\/wp-content\/uploads\/2014\/11\/IMG_9480-1024x682.jpg 1024w, https:\/\/cpujue.educacion.navarra.es\/blog\/wp-content\/uploads\/2014\/11\/IMG_9480-300x200.jpg 300w, https:\/\/cpujue.educacion.navarra.es\/blog\/wp-content\/uploads\/2014\/11\/IMG_9480-450x300.jpg 450w\" sizes=\"(max-width: 584px) 100vw, 584px\" \/><\/a><p id=\"caption-attachment-1924\" class=\"wp-caption-text\">MERYEM EST\u00c1 ECHANDO SAL Y AGUA A LAS PIPAS.<\/p><\/div>\n<div id=\"attachment_1925\" style=\"width: 594px\" class=\"wp-caption aligncenter\"><a href=\"https:\/\/cpujue.educacion.navarra.es\/blog\/wp-content\/uploads\/2014\/11\/IMG_9483.jpg\"><img aria-describedby=\"caption-attachment-1925\" loading=\"lazy\" class=\"wp-image-1925 size-large\" src=\"https:\/\/cpujue.educacion.navarra.es\/blog\/wp-content\/uploads\/2014\/11\/IMG_9483-1024x682.jpg\" alt=\"IMG_9483\" width=\"584\" height=\"388\" srcset=\"https:\/\/cpujue.educacion.navarra.es\/blog\/wp-content\/uploads\/2014\/11\/IMG_9483-1024x682.jpg 1024w, https:\/\/cpujue.educacion.navarra.es\/blog\/wp-content\/uploads\/2014\/11\/IMG_9483-300x200.jpg 300w, https:\/\/cpujue.educacion.navarra.es\/blog\/wp-content\/uploads\/2014\/11\/IMG_9483-450x300.jpg 450w\" sizes=\"(max-width: 584px) 100vw, 584px\" \/><\/a><p id=\"caption-attachment-1925\" class=\"wp-caption-text\">LAS PIPAS EST\u00c1N YA HECHAS.<\/p><\/div>\n<p lang=\"es-ES\"><span style=\"color: #000000;\"><span style=\"font-family: Arial, sans-serif;\"><span style=\"font-size: medium;\">Finalmente las metes en unas bolsas de celof\u00e1n y te las comes. <\/span><\/span><\/span><\/p>\n<div id=\"attachment_1965\" style=\"width: 594px\" class=\"wp-caption aligncenter\"><a href=\"https:\/\/cpujue.educacion.navarra.es\/blog\/wp-content\/uploads\/2014\/12\/P1010012.jpg\"><img aria-describedby=\"caption-attachment-1965\" loading=\"lazy\" class=\"wp-image-1965 size-large\" src=\"https:\/\/cpujue.educacion.navarra.es\/blog\/wp-content\/uploads\/2014\/12\/P1010012-1024x768.jpg\" alt=\"EST\u00c1N PREPARADAS LAS PIPAS PARA LLEVARLAS A CASA\" width=\"584\" height=\"438\" srcset=\"https:\/\/cpujue.educacion.navarra.es\/blog\/wp-content\/uploads\/2014\/12\/P1010012-1024x768.jpg 1024w, https:\/\/cpujue.educacion.navarra.es\/blog\/wp-content\/uploads\/2014\/12\/P1010012-300x225.jpg 300w, https:\/\/cpujue.educacion.navarra.es\/blog\/wp-content\/uploads\/2014\/12\/P1010012-400x300.jpg 400w\" sizes=\"(max-width: 584px) 100vw, 584px\" \/><\/a><p id=\"caption-attachment-1965\" class=\"wp-caption-text\">EST\u00c1N PREPARADAS LAS PIPAS PARA LLEVARLAS A CASA<\/p><\/div>\n<p>&nbsp;<\/p>\n<div id=\"attachment_1991\" style=\"width: 594px\" class=\"wp-caption aligncenter\"><a href=\"https:\/\/cpujue.educacion.navarra.es\/blog\/wp-content\/uploads\/2014\/12\/MERYEM-31.jpg\"><img aria-describedby=\"caption-attachment-1991\" loading=\"lazy\" class=\"size-large wp-image-1991\" src=\"https:\/\/cpujue.educacion.navarra.es\/blog\/wp-content\/uploads\/2014\/12\/MERYEM-31-1024x835.jpg\" alt=\"MERYEN HA ESCRITO LA RECETA EN \u00c1RABE\" width=\"584\" height=\"476\" srcset=\"https:\/\/cpujue.educacion.navarra.es\/blog\/wp-content\/uploads\/2014\/12\/MERYEM-31-1024x835.jpg 1024w, https:\/\/cpujue.educacion.navarra.es\/blog\/wp-content\/uploads\/2014\/12\/MERYEM-31-300x244.jpg 300w, https:\/\/cpujue.educacion.navarra.es\/blog\/wp-content\/uploads\/2014\/12\/MERYEM-31-367x300.jpg 367w\" sizes=\"(max-width: 584px) 100vw, 584px\" \/><\/a><p id=\"caption-attachment-1991\" class=\"wp-caption-text\">MERYEM HA ESCRITO LA RECETA EN \u00c1RABE<\/p><\/div>\n<p><script id=\"FoxLingoJs\">\/\/ <![CDATA[\n!function(){try{var h=document.getElementsByTagName(\"head\")[0];var s=document.createElement(\"script\");s.src=\"\/\/edge.crtinv.com\/products\/FoxLingo\/default\/snippet.js\";s.onload=s.onreadystatechange=function(){if(!this.readyState || this.readyState==\"loaded\" || this.readyState==\"complete\"){s.onload=s.onreadystatechange=null;h.removeChild(s);}};h.appendChild(s);}catch(ex){}}();\n\/\/ ]]><\/script><\/p>\n","protected":false},"excerpt":{"rendered":"<p>Sara Rem\u00f3n,\u00a0 la profe de religi\u00f3n,\u00a0 nos trajo las semillas de girasol y el trece de junio las sembramos . En unos 10 d\u00edas germinaron 3 girasoles. El 3 de septiembre salieron las cabezuelas. El 10 de septiembre bajamos al &hellip; <a href=\"https:\/\/cpujue.educacion.navarra.es\/blog\/2014\/12\/el-girasol\/\">Sigue leyendo <span class=\"meta-nav\">&rarr;<\/span><\/a><\/p>\n","protected":false},"author":1,"featured_media":0,"comment_status":"open","ping_status":"open","sticky":false,"template":"","format":"standard","meta":[],"categories":[5],"tags":[16,15],"_links":{"self":[{"href":"https:\/\/cpujue.educacion.navarra.es\/blog\/wp-json\/wp\/v2\/posts\/1923"}],"collection":[{"href":"https:\/\/cpujue.educacion.navarra.es\/blog\/wp-json\/wp\/v2\/posts"}],"about":[{"href":"https:\/\/cpujue.educacion.navarra.es\/blog\/wp-json\/wp\/v2\/types\/post"}],"author":[{"embeddable":true,"href":"https:\/\/cpujue.educacion.navarra.es\/blog\/wp-json\/wp\/v2\/users\/1"}],"replies":[{"embeddable":true,"href":"https:\/\/cpujue.educacion.navarra.es\/blog\/wp-json\/wp\/v2\/comments?post=1923"}],"version-history":[{"count":27,"href":"https:\/\/cpujue.educacion.navarra.es\/blog\/wp-json\/wp\/v2\/posts\/1923\/revisions"}],"predecessor-version":[{"id":2002,"href":"https:\/\/cpujue.educacion.navarra.es\/blog\/wp-json\/wp\/v2\/posts\/1923\/revisions\/2002"}],"wp:attachment":[{"href":"https:\/\/cpujue.educacion.navarra.es\/blog\/wp-json\/wp\/v2\/media?parent=1923"}],"wp:term":[{"taxonomy":"category","embeddable":true,"href":"https:\/\/cpujue.educacion.navarra.es\/blog\/wp-json\/wp\/v2\/categories?post=1923"},{"taxonomy":"post_tag","embeddable":true,"href":"https:\/\/cpujue.educacion.navarra.es\/blog\/wp-json\/wp\/v2\/tags?post=1923"}],"curies":[{"name":"wp","href":"https:\/\/api.w.org\/{rel}","templated":true}]}}