{"id":197,"date":"2012-04-03T19:09:18","date_gmt":"2012-04-03T17:09:18","guid":{"rendered":"http:\/\/cpujue.educacion.navarra.es\/blog\/?p=197"},"modified":"2012-05-18T20:35:11","modified_gmt":"2012-05-18T18:35:11","slug":"el-pajaro-sin-pico","status":"publish","type":"post","link":"https:\/\/cpujue.educacion.navarra.es\/blog\/2012\/04\/el-pajaro-sin-pico\/","title":{"rendered":"EL P\u00c1JARO SIN  PICO"},"content":{"rendered":"<p><a href=\"https:\/\/cpujue.educacion.navarra.es\/blog\/wp-content\/uploads\/2012\/04\/ARITZ-P\u00c1JARO2.jpg\"><img loading=\"lazy\" class=\"alignleft  wp-image-234\" style=\"border: 0px;\" title=\"ARITZ P\u00c1JARO2\" src=\"https:\/\/cpujue.educacion.navarra.es\/blog\/wp-content\/uploads\/2012\/04\/ARITZ-P\u00c1JARO2.jpg\" alt=\"\" width=\"300\" height=\"445\" srcset=\"https:\/\/cpujue.educacion.navarra.es\/blog\/wp-content\/uploads\/2012\/04\/ARITZ-P\u00c1JARO2.jpg 300w, https:\/\/cpujue.educacion.navarra.es\/blog\/wp-content\/uploads\/2012\/04\/ARITZ-P\u00c1JARO2-202x300.jpg 202w\" sizes=\"(max-width: 300px) 100vw, 300px\" \/><\/a>\u00c9RASE UNA VEZ UN P\u00c1JARO BLANCO QUE VIV\u00cdA EN LOS \u00c1RBOLES. SE CAY\u00d3 DEL \u00c1RBOL\u00a0 Y SE LE ROMPI\u00d3 EL PICO. LLORABA MUCHO Y ESTABA MUY TRISTE.<\/p>\n<p>SE FUE AL M\u00c9DICO Y LE PUSIERON OTRO PICO. REGRES\u00d3 A SU \u00c1RBOL Y DE NUEVO VIVI\u00d3 FELIZ Y CONTENTO CON SUS PADRES.<\/p>\n<p>COLOR\u00cdN COLORADO ESTE CUENTO SE HA ACABADO.<\/p>\n<p>ARITZ, IBAI Y OIER<\/p>\n","protected":false},"excerpt":{"rendered":"<p>\u00c9RASE UNA VEZ UN P\u00c1JARO BLANCO QUE VIV\u00cdA EN LOS \u00c1RBOLES. SE CAY\u00d3 DEL \u00c1RBOL\u00a0 Y SE LE ROMPI\u00d3 EL PICO. LLORABA MUCHO Y ESTABA MUY TRISTE. SE FUE AL M\u00c9DICO Y LE PUSIERON OTRO PICO. REGRES\u00d3 A SU \u00c1RBOL &hellip; <a href=\"https:\/\/cpujue.educacion.navarra.es\/blog\/2012\/04\/el-pajaro-sin-pico\/\">Sigue leyendo <span class=\"meta-nav\">&rarr;<\/span><\/a><\/p>\n","protected":false},"author":1,"featured_media":0,"comment_status":"open","ping_status":"open","sticky":false,"template":"","format":"standard","meta":[],"categories":[4],"tags":[],"_links":{"self":[{"href":"https:\/\/cpujue.educacion.navarra.es\/blog\/wp-json\/wp\/v2\/posts\/197"}],"collection":[{"href":"https:\/\/cpujue.educacion.navarra.es\/blog\/wp-json\/wp\/v2\/posts"}],"about":[{"href":"https:\/\/cpujue.educacion.navarra.es\/blog\/wp-json\/wp\/v2\/types\/post"}],"author":[{"embeddable":true,"href":"https:\/\/cpujue.educacion.navarra.es\/blog\/wp-json\/wp\/v2\/users\/1"}],"replies":[{"embeddable":true,"href":"https:\/\/cpujue.educacion.navarra.es\/blog\/wp-json\/wp\/v2\/comments?post=197"}],"version-history":[{"count":10,"href":"https:\/\/cpujue.educacion.navarra.es\/blog\/wp-json\/wp\/v2\/posts\/197\/revisions"}],"predecessor-version":[{"id":328,"href":"https:\/\/cpujue.educacion.navarra.es\/blog\/wp-json\/wp\/v2\/posts\/197\/revisions\/328"}],"wp:attachment":[{"href":"https:\/\/cpujue.educacion.navarra.es\/blog\/wp-json\/wp\/v2\/media?parent=197"}],"wp:term":[{"taxonomy":"category","embeddable":true,"href":"https:\/\/cpujue.educacion.navarra.es\/blog\/wp-json\/wp\/v2\/categories?post=197"},{"taxonomy":"post_tag","embeddable":true,"href":"https:\/\/cpujue.educacion.navarra.es\/blog\/wp-json\/wp\/v2\/tags?post=197"}],"curies":[{"name":"wp","href":"https:\/\/api.w.org\/{rel}","templated":true}]}}