{"id":244,"date":"2012-04-17T14:06:56","date_gmt":"2012-04-17T12:06:56","guid":{"rendered":"http:\/\/cpujue.educacion.navarra.es\/blog\/?p=244"},"modified":"2012-05-18T20:34:30","modified_gmt":"2012-05-18T18:34:30","slug":"la-oveja-y-el-caballo","status":"publish","type":"post","link":"https:\/\/cpujue.educacion.navarra.es\/blog\/2012\/04\/la-oveja-y-el-caballo\/","title":{"rendered":"LA OVEJA Y EL CABALLO"},"content":{"rendered":"<div id=\"attachment_250\" style=\"width: 720px\" class=\"wp-caption alignleft\"><a href=\"https:\/\/cpujue.educacion.navarra.es\/blog\/wp-content\/uploads\/2012\/04\/OVEJA-I\u00d1IGO1.jpg\"><img aria-describedby=\"caption-attachment-250\" loading=\"lazy\" class=\"size-full wp-image-250\" title=\"OVEJA I\u00d1IGO\" src=\"https:\/\/cpujue.educacion.navarra.es\/blog\/wp-content\/uploads\/2012\/04\/OVEJA-I\u00d1IGO1.jpg\" alt=\"\" width=\"710\" height=\"336\" srcset=\"https:\/\/cpujue.educacion.navarra.es\/blog\/wp-content\/uploads\/2012\/04\/OVEJA-I\u00d1IGO1.jpg 710w, https:\/\/cpujue.educacion.navarra.es\/blog\/wp-content\/uploads\/2012\/04\/OVEJA-I\u00d1IGO1-300x141.jpg 300w, https:\/\/cpujue.educacion.navarra.es\/blog\/wp-content\/uploads\/2012\/04\/OVEJA-I\u00d1IGO1-500x236.jpg 500w\" sizes=\"(max-width: 710px) 100vw, 710px\" \/><\/a><p id=\"caption-attachment-250\" class=\"wp-caption-text\">LA OVEJA Y EL CABALLO ENFRENTADOS<\/p><\/div>\n<p>En un viejo pa\u00eds viv\u00edan un caballo y una oveja\u00a0 que estaban todo el d\u00eda peleando porque el caballo le quitaba la comida a la oveja.\u00a0<\/p>\n<p>Un d\u00eda se march\u00f3 la oveja a otro pueblo cercano\u00a0\u00a0que se llamaba Con\u00e9. Cerca de un r\u00edo vio un reba\u00f1o de ovejas y se uni\u00f3 a ellas. De repente apareci\u00f3 el pastor y empez\u00f3 a contar las ovejas y vio que hab\u00eda una oveja m\u00e1s. El pastor la vio y se la qued\u00f3.<\/p>\n<p>\u00a0Y la oveja se qued\u00f3 con el reba\u00f1o y nunca m\u00e1s le quitaron la comida.\u00a0\u00a0\u00a0\u00a0\u00a0\u00a0<\/p>\n<p>\u00a0FIN<br \/>\n\u00cd\u00d1IGO<\/p>\n","protected":false},"excerpt":{"rendered":"<p>En un viejo pa\u00eds viv\u00edan un caballo y una oveja\u00a0 que estaban todo el d\u00eda peleando porque el caballo le quitaba la comida a la oveja.\u00a0 Un d\u00eda se march\u00f3 la oveja a otro pueblo cercano\u00a0\u00a0que se llamaba Con\u00e9. Cerca &hellip; <a href=\"https:\/\/cpujue.educacion.navarra.es\/blog\/2012\/04\/la-oveja-y-el-caballo\/\">Sigue leyendo <span class=\"meta-nav\">&rarr;<\/span><\/a><\/p>\n","protected":false},"author":1,"featured_media":0,"comment_status":"open","ping_status":"open","sticky":false,"template":"","format":"standard","meta":[],"categories":[4],"tags":[],"_links":{"self":[{"href":"https:\/\/cpujue.educacion.navarra.es\/blog\/wp-json\/wp\/v2\/posts\/244"}],"collection":[{"href":"https:\/\/cpujue.educacion.navarra.es\/blog\/wp-json\/wp\/v2\/posts"}],"about":[{"href":"https:\/\/cpujue.educacion.navarra.es\/blog\/wp-json\/wp\/v2\/types\/post"}],"author":[{"embeddable":true,"href":"https:\/\/cpujue.educacion.navarra.es\/blog\/wp-json\/wp\/v2\/users\/1"}],"replies":[{"embeddable":true,"href":"https:\/\/cpujue.educacion.navarra.es\/blog\/wp-json\/wp\/v2\/comments?post=244"}],"version-history":[{"count":5,"href":"https:\/\/cpujue.educacion.navarra.es\/blog\/wp-json\/wp\/v2\/posts\/244\/revisions"}],"predecessor-version":[{"id":327,"href":"https:\/\/cpujue.educacion.navarra.es\/blog\/wp-json\/wp\/v2\/posts\/244\/revisions\/327"}],"wp:attachment":[{"href":"https:\/\/cpujue.educacion.navarra.es\/blog\/wp-json\/wp\/v2\/media?parent=244"}],"wp:term":[{"taxonomy":"category","embeddable":true,"href":"https:\/\/cpujue.educacion.navarra.es\/blog\/wp-json\/wp\/v2\/categories?post=244"},{"taxonomy":"post_tag","embeddable":true,"href":"https:\/\/cpujue.educacion.navarra.es\/blog\/wp-json\/wp\/v2\/tags?post=244"}],"curies":[{"name":"wp","href":"https:\/\/api.w.org\/{rel}","templated":true}]}}