{"id":2910,"date":"2016-11-11T13:04:22","date_gmt":"2016-11-11T12:04:22","guid":{"rendered":"http:\/\/cpujue.educacion.navarra.es\/blog\/?p=2910"},"modified":"2016-11-11T13:07:02","modified_gmt":"2016-11-11T12:07:02","slug":"el-pajarito","status":"publish","type":"post","link":"https:\/\/cpujue.educacion.navarra.es\/blog\/2016\/11\/el-pajarito\/","title":{"rendered":"EL PAJARITO"},"content":{"rendered":"<p><a href=\"https:\/\/cpujue.educacion.navarra.es\/blog\/wp-content\/uploads\/2016\/11\/pajarito.jpg\"><img loading=\"lazy\" class=\"alignleft size-large wp-image-2911\" src=\"https:\/\/cpujue.educacion.navarra.es\/blog\/wp-content\/uploads\/2016\/11\/pajarito-1024x726.jpg\" alt=\"pajarito\" width=\"584\" height=\"414\" srcset=\"https:\/\/cpujue.educacion.navarra.es\/blog\/wp-content\/uploads\/2016\/11\/pajarito-1024x726.jpg 1024w, https:\/\/cpujue.educacion.navarra.es\/blog\/wp-content\/uploads\/2016\/11\/pajarito-300x213.jpg 300w, https:\/\/cpujue.educacion.navarra.es\/blog\/wp-content\/uploads\/2016\/11\/pajarito-768x544.jpg 768w, https:\/\/cpujue.educacion.navarra.es\/blog\/wp-content\/uploads\/2016\/11\/pajarito-423x300.jpg 423w\" sizes=\"(max-width: 584px) 100vw, 584px\" \/><\/a>\u00c9rase una vez un pajarito de colores, pico corto y muy peque\u00f1o. Estaba con sus padres en un bonito lago. Estaba muy contento porque era de muchos colores, se met\u00eda por las ramas\u00a0 de los \u00e1rboles y asustaba a los peces del lago.<\/p>\n<p>Un d\u00eda sus padres y \u00e9l se fueron a dar un paseo por el campo. El pajarito fue a cazar a otro pajarito y total que era \u00e9l reflejado en el barro, se lanz\u00f3 a cazarlo y se manch\u00f3 de barro. \u00a0No le gust\u00f3 nada porque se sec\u00f3 el barro y se puso duro. Se fue llorando y por el camino se encontr\u00f3 con una cacat\u00faa blanca y azul c\u00edan. La cacat\u00faa le pregunt\u00f3:<\/p>\n<p>-\u00bfQu\u00e9 te pasa pajarito?<\/p>\n<p>El pajarito dijo:<\/p>\n<p>-Que me he ca\u00eddo a un charco y me he manchado y por eso estoy triste.<\/p>\n<p>La cacat\u00faa le dijo que ir\u00eda a su casa que le iba a ba\u00f1ar. Cuando hab\u00edan llegado el pajarito se ech\u00f3 jab\u00f3n y poco a poco se limpi\u00f3. Se sec\u00f3 y le dio las gracias a la cacat\u00faa. Se despidieron y cuando el pajarito lleg\u00f3 a casa le vieron sus padres y le dijeron:<\/p>\n<p>&#8211; A dormir cari\u00f1o.<\/p>\n<p>&nbsp;<\/p>\n<p>&nbsp;<\/p>\n","protected":false},"excerpt":{"rendered":"<p>\u00c9rase una vez un pajarito de colores, pico corto y muy peque\u00f1o. Estaba con sus padres en un bonito lago. Estaba muy contento porque era de muchos colores, se met\u00eda por las ramas\u00a0 de los \u00e1rboles y asustaba a los &hellip; <a href=\"https:\/\/cpujue.educacion.navarra.es\/blog\/2016\/11\/el-pajarito\/\">Sigue leyendo <span class=\"meta-nav\">&rarr;<\/span><\/a><\/p>\n","protected":false},"author":1,"featured_media":0,"comment_status":"open","ping_status":"open","sticky":false,"template":"","format":"standard","meta":[],"categories":[4],"tags":[],"_links":{"self":[{"href":"https:\/\/cpujue.educacion.navarra.es\/blog\/wp-json\/wp\/v2\/posts\/2910"}],"collection":[{"href":"https:\/\/cpujue.educacion.navarra.es\/blog\/wp-json\/wp\/v2\/posts"}],"about":[{"href":"https:\/\/cpujue.educacion.navarra.es\/blog\/wp-json\/wp\/v2\/types\/post"}],"author":[{"embeddable":true,"href":"https:\/\/cpujue.educacion.navarra.es\/blog\/wp-json\/wp\/v2\/users\/1"}],"replies":[{"embeddable":true,"href":"https:\/\/cpujue.educacion.navarra.es\/blog\/wp-json\/wp\/v2\/comments?post=2910"}],"version-history":[{"count":5,"href":"https:\/\/cpujue.educacion.navarra.es\/blog\/wp-json\/wp\/v2\/posts\/2910\/revisions"}],"predecessor-version":[{"id":2930,"href":"https:\/\/cpujue.educacion.navarra.es\/blog\/wp-json\/wp\/v2\/posts\/2910\/revisions\/2930"}],"wp:attachment":[{"href":"https:\/\/cpujue.educacion.navarra.es\/blog\/wp-json\/wp\/v2\/media?parent=2910"}],"wp:term":[{"taxonomy":"category","embeddable":true,"href":"https:\/\/cpujue.educacion.navarra.es\/blog\/wp-json\/wp\/v2\/categories?post=2910"},{"taxonomy":"post_tag","embeddable":true,"href":"https:\/\/cpujue.educacion.navarra.es\/blog\/wp-json\/wp\/v2\/tags?post=2910"}],"curies":[{"name":"wp","href":"https:\/\/api.w.org\/{rel}","templated":true}]}}