{"id":346,"date":"2012-05-26T13:31:19","date_gmt":"2012-05-26T11:31:19","guid":{"rendered":"http:\/\/cpujue.educacion.navarra.es\/blog\/?p=346"},"modified":"2012-05-26T13:31:19","modified_gmt":"2012-05-26T11:31:19","slug":"el-perro-en-la-luna","status":"publish","type":"post","link":"https:\/\/cpujue.educacion.navarra.es\/blog\/2012\/05\/el-perro-en-la-luna\/","title":{"rendered":"EL PERRO EN LA LUNA"},"content":{"rendered":"<p style=\"text-align: center;\"><a href=\"https:\/\/cpujue.educacion.navarra.es\/blog\/wp-content\/uploads\/2012\/05\/PERRO-LUNA-MARIA1.jpg\"><img loading=\"lazy\" class=\"aligncenter  wp-image-348\" style=\"border: black 5px solid;\" title=\"PERRO LUNA MARIA\" src=\"https:\/\/cpujue.educacion.navarra.es\/blog\/wp-content\/uploads\/2012\/05\/PERRO-LUNA-MARIA1.jpg\" alt=\"\" width=\"301\" height=\"431\" srcset=\"https:\/\/cpujue.educacion.navarra.es\/blog\/wp-content\/uploads\/2012\/05\/PERRO-LUNA-MARIA1.jpg 301w, https:\/\/cpujue.educacion.navarra.es\/blog\/wp-content\/uploads\/2012\/05\/PERRO-LUNA-MARIA1-209x300.jpg 209w\" sizes=\"(max-width: 301px) 100vw, 301px\" \/><\/a><\/p>\n<p>Un d\u00eda en Canad\u00e1 un perro ten\u00eda el sue\u00f1o de ir a la Luna. Su due\u00f1o era un ni\u00f1o al que le apasionaba el espacio y\u00a0 al d\u00eda siguiente iba con sus compa\u00f1eros de clase\u00a0 a ver el lanzamiento de una nave espacial . El perro lo sab\u00eda y se puso a saltar como loco pensando que \u00e9l tambi\u00e9n iba a viajar, pero el ni\u00f1o le dijo que no pod\u00eda ir porque no se pud\u00edan llevar mascotas. El perro pens\u00f3 un plan para colarse en el autob\u00fas escolar y meterse en la nave para\u00a0 estar en la luna.<\/p>\n<p>Al d\u00eda siguiente el due\u00f1o del perro sal\u00eda de casa para llegar al autob\u00fas seguido del perro sin que \u00e9l se enterase. Mientras los dem\u00e1s ni\u00f1os y ni\u00f1as llegaban, el perro se subi\u00f3\u00a0 al maletero.<\/p>\n<p>Cuando los ni\u00f1os llegaron a la estaci\u00f3n espacial, un se\u00f1or les recibi\u00f3 y les contest\u00f3 a las preguntas que le formularon. Una vez\u00a0 dentro de la estaci\u00f3n Tim se prob\u00f3 un traje espacial cuando cre\u00eda que nadie lo ve\u00eda y el se\u00f1or le reneg\u00f3. Pero\u00a0 el hombre le dijo que se lo pod\u00eda quedar y el ni\u00f1o se puso muy contento.<\/p>\n<p>Cuando ya no quedaba nadie en el autob\u00fas, el perro se baj\u00f3 y se escondi\u00f3 durante un momento en la estaci\u00f3n\u00a0 espacial. Mientras los ni\u00f1os visitaban otra parte del edificio, el perrito hizo lo mismo que su due\u00f1o pero \u00e9l se prob\u00f3 el traje de perro.\u00a0 Una vez que el animal ya se hab\u00eda puesto el traje se meti\u00f3 dentro de la nave y esper\u00f3\u00a0 la cuenta atr\u00e1s.\u00a0 Terminada la cuenta atr\u00e1s la nave despeg\u00f3 con el perro dentro y los ni\u00f1os y ni\u00f1as, desde la estaci\u00f3n espacial, se\u00a0 pusieron a dar saltos de alegr\u00eda.<\/p>\n<p>El director de funcionamiento de la nave se fij\u00f3\u00a0 que hab\u00eda un problema: a la nave se le estaba agotando el combustible y no le llegar\u00eda para regresar a la tierra. Sus ayudantes descubrieron que hab\u00eda\u00a0 una estaci\u00f3n rusa donde pod\u00eda repostar. All\u00ed viv\u00eda un viejo ruso que estaba un poco loco y viv\u00eda con su perro. Desde la estaci\u00f3n espacial movieron la nave hasta la estaci\u00f3n de repostar para que el viejo loco le pusiera combustible a la\u00a0 nave.<\/p>\n<p>Cuando Tim lleg\u00f3 a casa, no encontr\u00f3 a su perro y muy preocupado llam\u00f3 a la polic\u00eda. Los agentes le pidieron que se tranquilizara y que les diera todos los datos para poderlo encontrar m\u00e1s f\u00e1cil.<\/p>\n<p>Cuando la nave ya estuvo unida a la estaci\u00f3n se abri\u00f3 una puerta y el perrito pudo salir a observar como era. Una vez dentro se encontr\u00f3 con el perro del anciano que al principio le dio mucho miedo pero despu\u00e9s vio que era como \u00e9l. El perro que hab\u00eda conocido le ense\u00f1o la cocina, el ba\u00f1o, los productos con los que hac\u00edan el combustible y las placas con las que recib\u00edan energ\u00eda.<\/p>\n<p>Con el dep\u00f3sito lleno el animal le pregunt\u00f3 a su nuevo amigo si quer\u00eda ir con \u00e9l a la Luna y despu\u00e9s volver a la tierra, pero su amigo le dijo que no, prefer\u00eda quedarse en la estaci\u00f3n con su due\u00f1o. Despu\u00e9s de o\u00edr esto el perro se mont\u00f3 en la nave y desde le estaci\u00f3n espacial la dirigieron hasta la luna donde el perro vio todo con mucho asombro. Tras unas horas en la luna la nave puso rumbo a la tierra.<\/p>\n<p>Cuando la nave lleg\u00f3 a la Tierra el director junto con sus ayudantes se felicitaron mutuamente y mientras esto pasaba el perro consigui\u00f3 salir de la nave sin que nadie le viese.<\/p>\n<p>Cuando lleg\u00f3 a casa se puso muy contento y la polic\u00eda cancel\u00f3 la b\u00fasqueda.<\/p>\n<p>MAR\u00cdA<\/p>\n","protected":false},"excerpt":{"rendered":"<p>Un d\u00eda en Canad\u00e1 un perro ten\u00eda el sue\u00f1o de ir a la Luna. Su due\u00f1o era un ni\u00f1o al que le apasionaba el espacio y\u00a0 al d\u00eda siguiente iba con sus compa\u00f1eros de clase\u00a0 a ver el lanzamiento de &hellip; <a href=\"https:\/\/cpujue.educacion.navarra.es\/blog\/2012\/05\/el-perro-en-la-luna\/\">Sigue leyendo <span class=\"meta-nav\">&rarr;<\/span><\/a><\/p>\n","protected":false},"author":1,"featured_media":0,"comment_status":"open","ping_status":"open","sticky":false,"template":"","format":"standard","meta":[],"categories":[4],"tags":[],"_links":{"self":[{"href":"https:\/\/cpujue.educacion.navarra.es\/blog\/wp-json\/wp\/v2\/posts\/346"}],"collection":[{"href":"https:\/\/cpujue.educacion.navarra.es\/blog\/wp-json\/wp\/v2\/posts"}],"about":[{"href":"https:\/\/cpujue.educacion.navarra.es\/blog\/wp-json\/wp\/v2\/types\/post"}],"author":[{"embeddable":true,"href":"https:\/\/cpujue.educacion.navarra.es\/blog\/wp-json\/wp\/v2\/users\/1"}],"replies":[{"embeddable":true,"href":"https:\/\/cpujue.educacion.navarra.es\/blog\/wp-json\/wp\/v2\/comments?post=346"}],"version-history":[{"count":1,"href":"https:\/\/cpujue.educacion.navarra.es\/blog\/wp-json\/wp\/v2\/posts\/346\/revisions"}],"predecessor-version":[{"id":349,"href":"https:\/\/cpujue.educacion.navarra.es\/blog\/wp-json\/wp\/v2\/posts\/346\/revisions\/349"}],"wp:attachment":[{"href":"https:\/\/cpujue.educacion.navarra.es\/blog\/wp-json\/wp\/v2\/media?parent=346"}],"wp:term":[{"taxonomy":"category","embeddable":true,"href":"https:\/\/cpujue.educacion.navarra.es\/blog\/wp-json\/wp\/v2\/categories?post=346"},{"taxonomy":"post_tag","embeddable":true,"href":"https:\/\/cpujue.educacion.navarra.es\/blog\/wp-json\/wp\/v2\/tags?post=346"}],"curies":[{"name":"wp","href":"https:\/\/api.w.org\/{rel}","templated":true}]}}