{"id":3531,"date":"2018-01-26T11:24:21","date_gmt":"2018-01-26T10:24:21","guid":{"rendered":"http:\/\/cpujue.educacion.navarra.es\/blog\/?p=3531"},"modified":"2018-01-31T21:07:07","modified_gmt":"2018-01-31T20:07:07","slug":"la-rosa-del-desierto","status":"publish","type":"post","link":"https:\/\/cpujue.educacion.navarra.es\/blog\/2018\/01\/la-rosa-del-desierto\/","title":{"rendered":"LA ROSA DEL DESIERTO"},"content":{"rendered":"<p><a href=\"https:\/\/cpujue.educacion.navarra.es\/blog\/wp-content\/uploads\/2018\/01\/ROSA-DE-OIER.jpg\"><img loading=\"lazy\" class=\"alignleft size-large wp-image-3549\" src=\"https:\/\/cpujue.educacion.navarra.es\/blog\/wp-content\/uploads\/2018\/01\/ROSA-DE-OIER-1024x744.jpg\" alt=\"\" width=\"584\" height=\"424\" srcset=\"https:\/\/cpujue.educacion.navarra.es\/blog\/wp-content\/uploads\/2018\/01\/ROSA-DE-OIER-1024x744.jpg 1024w, https:\/\/cpujue.educacion.navarra.es\/blog\/wp-content\/uploads\/2018\/01\/ROSA-DE-OIER-300x218.jpg 300w, https:\/\/cpujue.educacion.navarra.es\/blog\/wp-content\/uploads\/2018\/01\/ROSA-DE-OIER-768x558.jpg 768w, https:\/\/cpujue.educacion.navarra.es\/blog\/wp-content\/uploads\/2018\/01\/ROSA-DE-OIER-413x300.jpg 413w\" sizes=\"(max-width: 584px) 100vw, 584px\" \/><\/a><\/p>\n<p>\u00c9rase una vez un hombre que decidi\u00f3 ir al desierto con su camello. Le cost\u00f3 horas y horas hasta que llegaron. Fueron caminando por el desierto y de repente se encontraron una rosa roja como la sangre. Y esa rosa era especial porque les dijo:<\/p>\n<p>&#8211; Por favor se\u00f1or, \u00bfme podr\u00edas regar cada d\u00eda porque me estoy secando y por las noches paso mucho frio?<\/p>\n<p>El se\u00f1or, llamado F\u00e9lix, le dijo:<\/p>\n<p>&#8211; \u00bfT\u00fa eres una rosa especial, verdad?<\/p>\n<p>Y la rosa le contesto que s\u00ed.<\/p>\n<p>&#8211; Cuando me vaya a mi pueblo llamado Carcastillo,\u00a0 te coger\u00e9 y estar\u00e1s caliente por el d\u00eda, estar\u00e1s fresca por la noche y no estar\u00e1s sola ni yo solo.<\/p>\n<p>Pasaron d\u00edas y d\u00edas hasta que llegaron a casa de F\u00e9lix y vivieron juntos, frescos y felices y comieron perdices.<\/p>\n","protected":false},"excerpt":{"rendered":"<p>\u00c9rase una vez un hombre que decidi\u00f3 ir al desierto con su camello. Le cost\u00f3 horas y horas hasta que llegaron. Fueron caminando por el desierto y de repente se encontraron una rosa roja como la sangre. Y esa rosa &hellip; <a href=\"https:\/\/cpujue.educacion.navarra.es\/blog\/2018\/01\/la-rosa-del-desierto\/\">Sigue leyendo <span class=\"meta-nav\">&rarr;<\/span><\/a><\/p>\n","protected":false},"author":1,"featured_media":0,"comment_status":"open","ping_status":"open","sticky":false,"template":"","format":"standard","meta":[],"categories":[4],"tags":[],"_links":{"self":[{"href":"https:\/\/cpujue.educacion.navarra.es\/blog\/wp-json\/wp\/v2\/posts\/3531"}],"collection":[{"href":"https:\/\/cpujue.educacion.navarra.es\/blog\/wp-json\/wp\/v2\/posts"}],"about":[{"href":"https:\/\/cpujue.educacion.navarra.es\/blog\/wp-json\/wp\/v2\/types\/post"}],"author":[{"embeddable":true,"href":"https:\/\/cpujue.educacion.navarra.es\/blog\/wp-json\/wp\/v2\/users\/1"}],"replies":[{"embeddable":true,"href":"https:\/\/cpujue.educacion.navarra.es\/blog\/wp-json\/wp\/v2\/comments?post=3531"}],"version-history":[{"count":8,"href":"https:\/\/cpujue.educacion.navarra.es\/blog\/wp-json\/wp\/v2\/posts\/3531\/revisions"}],"predecessor-version":[{"id":3550,"href":"https:\/\/cpujue.educacion.navarra.es\/blog\/wp-json\/wp\/v2\/posts\/3531\/revisions\/3550"}],"wp:attachment":[{"href":"https:\/\/cpujue.educacion.navarra.es\/blog\/wp-json\/wp\/v2\/media?parent=3531"}],"wp:term":[{"taxonomy":"category","embeddable":true,"href":"https:\/\/cpujue.educacion.navarra.es\/blog\/wp-json\/wp\/v2\/categories?post=3531"},{"taxonomy":"post_tag","embeddable":true,"href":"https:\/\/cpujue.educacion.navarra.es\/blog\/wp-json\/wp\/v2\/tags?post=3531"}],"curies":[{"name":"wp","href":"https:\/\/api.w.org\/{rel}","templated":true}]}}