{"id":3537,"date":"2018-01-30T10:56:29","date_gmt":"2018-01-30T09:56:29","guid":{"rendered":"http:\/\/cpujue.educacion.navarra.es\/blog\/?p=3537"},"modified":"2018-09-19T15:45:22","modified_gmt":"2018-09-19T13:45:22","slug":"el-nino-y-la-rosa","status":"publish","type":"post","link":"https:\/\/cpujue.educacion.navarra.es\/blog\/2018\/01\/el-nino-y-la-rosa\/","title":{"rendered":"EL NI\u00d1O Y LA ROSA"},"content":{"rendered":"<p class=\"western\"><span style=\"font-size: x-large;\"><a href=\"https:\/\/cpujue.educacion.navarra.es\/blog\/wp-content\/uploads\/2018\/01\/DESIERTO-ARITZ.jpg\"><img loading=\"lazy\" class=\"alignleft size-large wp-image-3538\" src=\"https:\/\/cpujue.educacion.navarra.es\/blog\/wp-content\/uploads\/2018\/01\/DESIERTO-ARITZ-1024x737.jpg\" alt=\"\" width=\"584\" height=\"420\" srcset=\"https:\/\/cpujue.educacion.navarra.es\/blog\/wp-content\/uploads\/2018\/01\/DESIERTO-ARITZ-1024x737.jpg 1024w, https:\/\/cpujue.educacion.navarra.es\/blog\/wp-content\/uploads\/2018\/01\/DESIERTO-ARITZ-300x216.jpg 300w, https:\/\/cpujue.educacion.navarra.es\/blog\/wp-content\/uploads\/2018\/01\/DESIERTO-ARITZ-768x553.jpg 768w, https:\/\/cpujue.educacion.navarra.es\/blog\/wp-content\/uploads\/2018\/01\/DESIERTO-ARITZ-417x300.jpg 417w\" sizes=\"(max-width: 584px) 100vw, 584px\" \/><\/a>Erase que se era un ni\u00f1o llamado Pedro. Era alto, flaco, feo pero muy estudioso. Viv\u00eda con sus padres en Soria una ciudad preciosa de Espa\u00f1a.<!--more--><\/p>\n<p><\/span><\/p>\n<p class=\"western\"><span style=\"font-size: x-large;\">Su deseo era viajar por el desierto montado en un camello y con sus padres. Sus padres le dec\u00edan que el viaje val\u00eda mucho dinero y para poder ir necesitaban ahorrar. Adem\u00e1s sus padres estaban en el paro y necesitaban un trabajo porque si no se iban a quedar pobres. Solamente dispon\u00edan de dinero para vivir un a\u00f1o a no ser que encontrasen trabajo o pidieran limosna.<\/span><\/p>\n<p class=\"western\"><span style=\"font-size: x-large;\">El padre Jos\u00e9 era vago pero dijo un d\u00eda:<\/span><\/p>\n<p class=\"western\"><span style=\"font-size: x-large;\">&#8211; Voy a pedir trabajo en la f\u00e1brica de embutidos de al lado porque est\u00e1 cerca y me gusta trabajar ah\u00ed. Bueno me voy a preguntar a ver si puedo trabajar ah\u00ed, adi\u00f3s.<\/span><\/p>\n<p class=\"western\"><span style=\"font-size: x-large;\">La mujer dice:<\/span><\/p>\n<p class=\"western\"><span style=\"font-size: x-large;\">&#8211; Adi\u00f3s, suerte.<\/span><\/p>\n<p class=\"western\"><span style=\"font-size: x-large;\">El padre lleg\u00f3 a la f\u00e1brica de embutidos y le pregunt\u00f3 al jefe:<\/span><\/p>\n<p class=\"western\"><span style=\"font-size: x-large;\">&#8211; \u00bfPuedo trabajar en esta f\u00e1brica?<\/span><\/p>\n<p class=\"western\"><span style=\"font-size: x-large;\">El jefe contest\u00f3:<\/span><\/p>\n<p class=\"western\"><span style=\"font-size: x-large;\">&#8211; De acuerdo, usted puede empezar a trabajar desde ahora.<\/span><\/p>\n<p class=\"western\"><span style=\"font-size: x-large;\">El padre dijo:<\/span><\/p>\n<p class=\"western\"><span style=\"font-size: x-large;\">&#8211; \u00a1Que contento estoy!\u00a1 Ahora mismo voy a empezar!<\/span><\/p>\n<p class=\"western\"><span style=\"font-size: x-large;\">Estuvieron todo el a\u00f1o preparando el viaje, mirando los sitios por donde iban a pasar, donde dorm\u00edan, que ropa iban a llevarse, que coche iban a alquilar en Nuakchot y todo eso.<\/span><\/p>\n<p class=\"western\"><span style=\"font-size: x-large;\">Al cabo de un a\u00f1o la familia ten\u00eda suficiente dinero para poder viajar. El padre cogi\u00f3 un vuelo para el 10 de septiembre con destino a Nuakchot. Pedro estaba s\u00faper contento.<\/span><\/p>\n<p class=\"western\"><span style=\"font-size: x-large;\">Ya lleg\u00f3 el 8 de septiembre y muy contentos cogieron las maletas y se fueron al aeropuerto de Garray en Soria y se quedaron a dormir en un banco porque no ten\u00edan dinero para un hotel. <\/span><\/p>\n<p class=\"western\"><span style=\"font-size: x-large;\">Ya llego el 10 Septiembre cuando Pedro y su familia subieron al avi\u00f3n y estaban casi todos los asientos ocupados. <\/span><\/p>\n<p class=\"western\"><span style=\"font-size: x-large;\">Tras 4 horas de viaje llegaron a su de destino. All\u00ed ten\u00edan un Mitsubishi Montero, verde como la hierba. El coche se lo hab\u00eda llevado un hombre de raza negra y con un turbante enrollado en la cabeza .<\/span><\/p>\n<p class=\"western\"><span style=\"font-size: x-large;\">Se subieron en \u00e9l y se fueron a ver el desierto; hab\u00eda muchas dunas grandes y muy picas. Mientras viajaban en el coche vieron una palmera muy alta al lado de una charca. Fueron all<\/span><span style=\"font-size: x-large;\">\u00ed<\/span><span style=\"font-size: x-large;\"> y se pararon para beber agua porque estaban bastante desorientados , cansados y sedientos. No sab\u00edan para donde dirigirse.<\/span><\/p>\n<p class=\"western\"><span style=\"font-size: x-large;\">Al lado de la charca encontraron una rosa deshidratada. Su color era marr\u00f3n como la tierra. Se sorprendieron mucho. Pedro la cogi\u00f3 y la meti\u00f3 <\/span><span style=\"font-size: x-large;\">al agua <\/span><span style=\"font-size: x-large;\"> para que no se secase y de repente la rosa dijo:<\/span><\/p>\n<p class=\"western\"><span style=\"font-size: x-large;\">&#8211; Muchas gracias por salvarme la vida.<\/span><\/p>\n<p class=\"western\"><span style=\"font-size: x-large;\">El ni\u00f1o dijo:<\/span><\/p>\n<p class=\"western\"><span style=\"font-size: x-large;\">&#8211; \u00a1Esta rosa es m\u00e1gica! \u00a1Habla nuestro idioma y es muy bonita!<\/span><\/p>\n<p class=\"western\"><span style=\"font-size: x-large;\">Respondi\u00f3 la rosa:<\/span><\/p>\n<p class=\"western\"><span style=\"font-size: x-large;\">-\u00bfOs hab\u00e9is perdido?<\/span><\/p>\n<p class=\"western\"><span style=\"font-size: x-large;\">El ni\u00f1o dijo:<\/span><\/p>\n<p class=\"western\"><span style=\"font-size: x-large;\">&#8211; S<\/span><span style=\"font-size: x-large;\">\u00ed<\/span><\/p>\n<p class=\"western\"><span style=\"font-size: x-large;\">Y ella pregunt\u00f3:<\/span><\/p>\n<p class=\"western\"><span style=\"font-size: x-large;\">&#8211; \u00bfQuer\u00e9is que os <\/span><span style=\"font-size: x-large;\">indique como se v<\/span><span style=\"font-size: x-large;\">a <\/span><span style=\"font-size: x-large;\">a <\/span><span style=\"font-size: x-large;\">un poblado?<\/span><\/p>\n<p class=\"western\"><span style=\"font-size: x-large;\">La familia dijo:<\/span><\/p>\n<p class=\"western\"><span style=\"font-size: x-large;\">&#8211; Te lo agradecer\u00edamos mucho y te llevar\u00edamos a nuestro jard\u00edn que est\u00e1 en Soria con un esplendido sol. Viv<\/span><span style=\"font-size: x-large;\">ir\u00e1<\/span><span style=\"font-size: x-large;\">s muy bien, muy feliz, rodeadada de <\/span><span style=\"font-size: x-large;\">insectos espl\u00e9ndidos<\/span><span style=\"font-size: x-large;\">.<\/span><\/p>\n<p class=\"western\"><span style=\"font-size: x-large;\">La rosa les gui<\/span><span style=\"font-size: x-large;\">\u00f3<\/span><span style=\"font-size: x-large;\"> hasta el poblado. <\/span><span style=\"font-size: x-large;\">U<\/span><span style=\"font-size: x-large;\">na vez all\u00ed se la llevaron a Espa\u00f1a felices y contentos. <\/span><span style=\"font-size: x-large;\">L<\/span><span style=\"font-size: x-large;\">a plantaron en su jard\u00edn. <\/span><span style=\"font-size: x-large;\">Vivi\u00f3 muy feliz.<\/span> <span style=\"font-size: x-large;\">C<\/span><span style=\"font-size: x-large;\">olor<\/span><span style=\"font-size: x-large;\">\u00ed<\/span><span style=\"font-size: x-large;\">n colorado este cuento se ha acabado. <\/span><\/p>\n<p class=\"western\"><span style=\"font-size: x-large;\">&#8211; <\/span><span style=\"font-size: x-large;\">\u00bf<\/span><span style=\"font-size: x-large;\">Te ha gustado este cuento, Romaisa? <\/span><\/p>\n<p>&nbsp;<\/p>\n","protected":false},"excerpt":{"rendered":"<p>Erase que se era un ni\u00f1o llamado Pedro. Era alto, flaco, feo pero muy estudioso. Viv\u00eda con sus padres en Soria una ciudad preciosa de Espa\u00f1a.<\/p>\n","protected":false},"author":1,"featured_media":0,"comment_status":"open","ping_status":"open","sticky":false,"template":"","format":"standard","meta":[],"categories":[4],"tags":[],"_links":{"self":[{"href":"https:\/\/cpujue.educacion.navarra.es\/blog\/wp-json\/wp\/v2\/posts\/3537"}],"collection":[{"href":"https:\/\/cpujue.educacion.navarra.es\/blog\/wp-json\/wp\/v2\/posts"}],"about":[{"href":"https:\/\/cpujue.educacion.navarra.es\/blog\/wp-json\/wp\/v2\/types\/post"}],"author":[{"embeddable":true,"href":"https:\/\/cpujue.educacion.navarra.es\/blog\/wp-json\/wp\/v2\/users\/1"}],"replies":[{"embeddable":true,"href":"https:\/\/cpujue.educacion.navarra.es\/blog\/wp-json\/wp\/v2\/comments?post=3537"}],"version-history":[{"count":4,"href":"https:\/\/cpujue.educacion.navarra.es\/blog\/wp-json\/wp\/v2\/posts\/3537\/revisions"}],"predecessor-version":[{"id":3990,"href":"https:\/\/cpujue.educacion.navarra.es\/blog\/wp-json\/wp\/v2\/posts\/3537\/revisions\/3990"}],"wp:attachment":[{"href":"https:\/\/cpujue.educacion.navarra.es\/blog\/wp-json\/wp\/v2\/media?parent=3537"}],"wp:term":[{"taxonomy":"category","embeddable":true,"href":"https:\/\/cpujue.educacion.navarra.es\/blog\/wp-json\/wp\/v2\/categories?post=3537"},{"taxonomy":"post_tag","embeddable":true,"href":"https:\/\/cpujue.educacion.navarra.es\/blog\/wp-json\/wp\/v2\/tags?post=3537"}],"curies":[{"name":"wp","href":"https:\/\/api.w.org\/{rel}","templated":true}]}}