{"id":3551,"date":"2018-02-01T18:46:27","date_gmt":"2018-02-01T17:46:27","guid":{"rendered":"http:\/\/cpujue.educacion.navarra.es\/blog\/?p=3551"},"modified":"2018-09-19T15:44:47","modified_gmt":"2018-09-19T13:44:47","slug":"la-rosa-magica-del-desierto","status":"publish","type":"post","link":"https:\/\/cpujue.educacion.navarra.es\/blog\/2018\/02\/la-rosa-magica-del-desierto\/","title":{"rendered":"LA ROSA M\u00c1GICA DEL DESIERTO"},"content":{"rendered":"<p><a href=\"https:\/\/cpujue.educacion.navarra.es\/blog\/wp-content\/uploads\/2018\/02\/ROSA-F\u00c1TIMA.jpg\"><img loading=\"lazy\" class=\"alignleft size-medium wp-image-3553\" src=\"https:\/\/cpujue.educacion.navarra.es\/blog\/wp-content\/uploads\/2018\/02\/ROSA-F\u00c1TIMA-207x300.jpg\" alt=\"\" width=\"207\" height=\"300\" srcset=\"https:\/\/cpujue.educacion.navarra.es\/blog\/wp-content\/uploads\/2018\/02\/ROSA-F\u00c1TIMA-207x300.jpg 207w, https:\/\/cpujue.educacion.navarra.es\/blog\/wp-content\/uploads\/2018\/02\/ROSA-F\u00c1TIMA-768x1115.jpg 768w, https:\/\/cpujue.educacion.navarra.es\/blog\/wp-content\/uploads\/2018\/02\/ROSA-F\u00c1TIMA-705x1024.jpg 705w, https:\/\/cpujue.educacion.navarra.es\/blog\/wp-content\/uploads\/2018\/02\/ROSA-F\u00c1TIMA.jpg 1690w\" sizes=\"(max-width: 207px) 100vw, 207px\" \/><\/a><\/p>\n<p><span style=\"font-size: large;\">Hab\u00eda una rosa m\u00e1gica al lado de una charca en el desierto que conced\u00eda cualquier deseo a la gente que se le acercaba. <\/span><\/p>\n<p><span style=\"font-size: large;\">Un d\u00eda toda la gente del pueblo fue a coger agua a la charca y de repente dijo una mujer:<!--more--><\/p>\n<p><\/span><\/p>\n<p><span style=\"font-size: large;\">&#8211; \u00a1Qu\u00e9 rosa m\u00e1s bonita! Quiero que haya m\u00e1s.<\/span><\/p>\n<p><span style=\"font-size: large;\">Y dijo la flor:<\/span><\/p>\n<p><span style=\"font-size: large;\">&#8211; Gracias. Tu deseo se conceder\u00e1.<\/span><\/p>\n<p><span style=\"font-size: large;\">Toda la gente del pueblo se qued\u00f3 impresionada mientras las rosas sal\u00edan y cuando ya estaban listas la rosa dijo: <\/span><\/p>\n<p><span style=\"font-size: large;\">&#8211; Coged una para cada familia. Cualquier deseo que pid\u00e1is se har\u00e1 realidad. \u00a1Ah! Tambi\u00e9n dadle mucha agua para que sea m\u00e1s poderosa como yo. <\/span><\/p>\n<p><span style=\"font-size: large;\">Y as\u00ed todo el pueblo fue feliz. <\/span><\/p>\n","protected":false},"excerpt":{"rendered":"<p>Hab\u00eda una rosa m\u00e1gica al lado de una charca en el desierto que conced\u00eda cualquier deseo a la gente que se le acercaba. Un d\u00eda toda la gente del pueblo fue a coger agua a la charca y de repente &hellip; <a href=\"https:\/\/cpujue.educacion.navarra.es\/blog\/2018\/02\/la-rosa-magica-del-desierto\/\">Sigue leyendo <span class=\"meta-nav\">&rarr;<\/span><\/a><\/p>\n","protected":false},"author":1,"featured_media":0,"comment_status":"open","ping_status":"open","sticky":false,"template":"","format":"standard","meta":[],"categories":[4],"tags":[],"_links":{"self":[{"href":"https:\/\/cpujue.educacion.navarra.es\/blog\/wp-json\/wp\/v2\/posts\/3551"}],"collection":[{"href":"https:\/\/cpujue.educacion.navarra.es\/blog\/wp-json\/wp\/v2\/posts"}],"about":[{"href":"https:\/\/cpujue.educacion.navarra.es\/blog\/wp-json\/wp\/v2\/types\/post"}],"author":[{"embeddable":true,"href":"https:\/\/cpujue.educacion.navarra.es\/blog\/wp-json\/wp\/v2\/users\/1"}],"replies":[{"embeddable":true,"href":"https:\/\/cpujue.educacion.navarra.es\/blog\/wp-json\/wp\/v2\/comments?post=3551"}],"version-history":[{"count":3,"href":"https:\/\/cpujue.educacion.navarra.es\/blog\/wp-json\/wp\/v2\/posts\/3551\/revisions"}],"predecessor-version":[{"id":3989,"href":"https:\/\/cpujue.educacion.navarra.es\/blog\/wp-json\/wp\/v2\/posts\/3551\/revisions\/3989"}],"wp:attachment":[{"href":"https:\/\/cpujue.educacion.navarra.es\/blog\/wp-json\/wp\/v2\/media?parent=3551"}],"wp:term":[{"taxonomy":"category","embeddable":true,"href":"https:\/\/cpujue.educacion.navarra.es\/blog\/wp-json\/wp\/v2\/categories?post=3551"},{"taxonomy":"post_tag","embeddable":true,"href":"https:\/\/cpujue.educacion.navarra.es\/blog\/wp-json\/wp\/v2\/tags?post=3551"}],"curies":[{"name":"wp","href":"https:\/\/api.w.org\/{rel}","templated":true}]}}