{"id":3614,"date":"2018-05-03T19:32:41","date_gmt":"2018-05-03T17:32:41","guid":{"rendered":"http:\/\/cpujue.educacion.navarra.es\/blog\/?p=3614"},"modified":"2018-09-21T15:43:17","modified_gmt":"2018-09-21T13:43:17","slug":"el-murcielago-y-el-tren","status":"publish","type":"post","link":"https:\/\/cpujue.educacion.navarra.es\/blog\/2018\/05\/el-murcielago-y-el-tren\/","title":{"rendered":"EL MURCI\u00c9LAGO Y EL TREN"},"content":{"rendered":"<p>Voy a contar lo que voy a contar.<\/p>\n<p>Hace unos d\u00edas viv\u00eda un tren alargado, sucio y roto en una cueva. Como hab\u00eda mucha oscuridad viene a vivir un murci\u00e9lago y de repente se choca con el tren llamado Mochico y dice el tren:\u00a0<!--more--><\/p>\n<p>&#8211; \u00a1Oye, mire se\u00f1or por d\u00f3nde va!<\/p>\n<p>Y dijo el murci\u00e9lago Nobita:<\/p>\n<p>&#8211; Lo siento se\u00f1or.<\/p>\n<p>&#8211; No pasa nada &#8211; dijo Mochico &#8211; Oye, \u00bfc\u00f3mo te llamas?<\/p>\n<p>&#8211; \u00a0Yo me llamo Nobita. Y t\u00fa, \u00bfc\u00f3mo te llamas?<\/p>\n<p>&#8211; Yo puessssss<\/p>\n<p>&#8211; Espera, espera- dijo Nobita<\/p>\n<p>&#8211; A ver si adivino. \u00bfTe llamas Pechuga?<\/p>\n<p>&#8211; No<\/p>\n<p>&#8211; Caramelo<\/p>\n<p>&#8211; Tampoco<\/p>\n<p>&#8211; Monico<\/p>\n<p>&#8211; Mmm casi<\/p>\n<p>&#8211; \u00a1Ah! Mochico<\/p>\n<p>&#8211; S\u00ed, has acertado- dijo Mochico<\/p>\n<p>&#8211; Oye, \u00bfme puedes arreglar?<\/p>\n<p>&#8211; S\u00ed<\/p>\n<p>Al cabo de 5 d\u00edas Mochico ya estaba arreglado y pudieron dar la vuelta al mundo.<\/p>\n<p><a href=\"https:\/\/cpujue.educacion.navarra.es\/blog\/wp-content\/uploads\/2018\/04\/TREN-MURCI\u00c9LAGO.jpg\"><img loading=\"lazy\" class=\"alignleft size-full wp-image-3625\" src=\"https:\/\/cpujue.educacion.navarra.es\/blog\/wp-content\/uploads\/2018\/04\/TREN-MURCI\u00c9LAGO.jpg\" alt=\"\" width=\"3443\" height=\"2468\" srcset=\"https:\/\/cpujue.educacion.navarra.es\/blog\/wp-content\/uploads\/2018\/04\/TREN-MURCI\u00c9LAGO.jpg 3443w, https:\/\/cpujue.educacion.navarra.es\/blog\/wp-content\/uploads\/2018\/04\/TREN-MURCI\u00c9LAGO-300x215.jpg 300w, https:\/\/cpujue.educacion.navarra.es\/blog\/wp-content\/uploads\/2018\/04\/TREN-MURCI\u00c9LAGO-768x551.jpg 768w, https:\/\/cpujue.educacion.navarra.es\/blog\/wp-content\/uploads\/2018\/04\/TREN-MURCI\u00c9LAGO-1024x734.jpg 1024w, https:\/\/cpujue.educacion.navarra.es\/blog\/wp-content\/uploads\/2018\/04\/TREN-MURCI\u00c9LAGO-419x300.jpg 419w\" sizes=\"(max-width: 3443px) 100vw, 3443px\" \/><\/a><\/p>\n<p><span style=\"font-size: large;\">FIN <\/span><\/p>\n","protected":false},"excerpt":{"rendered":"<p>Voy a contar lo que voy a contar. Hace unos d\u00edas viv\u00eda un tren alargado, sucio y roto en una cueva. Como hab\u00eda mucha oscuridad viene a vivir un murci\u00e9lago y de repente se choca con el tren llamado Mochico &hellip; <a href=\"https:\/\/cpujue.educacion.navarra.es\/blog\/2018\/05\/el-murcielago-y-el-tren\/\">Sigue leyendo <span class=\"meta-nav\">&rarr;<\/span><\/a><\/p>\n","protected":false},"author":1,"featured_media":0,"comment_status":"open","ping_status":"open","sticky":false,"template":"","format":"standard","meta":[],"categories":[4],"tags":[],"_links":{"self":[{"href":"https:\/\/cpujue.educacion.navarra.es\/blog\/wp-json\/wp\/v2\/posts\/3614"}],"collection":[{"href":"https:\/\/cpujue.educacion.navarra.es\/blog\/wp-json\/wp\/v2\/posts"}],"about":[{"href":"https:\/\/cpujue.educacion.navarra.es\/blog\/wp-json\/wp\/v2\/types\/post"}],"author":[{"embeddable":true,"href":"https:\/\/cpujue.educacion.navarra.es\/blog\/wp-json\/wp\/v2\/users\/1"}],"replies":[{"embeddable":true,"href":"https:\/\/cpujue.educacion.navarra.es\/blog\/wp-json\/wp\/v2\/comments?post=3614"}],"version-history":[{"count":9,"href":"https:\/\/cpujue.educacion.navarra.es\/blog\/wp-json\/wp\/v2\/posts\/3614\/revisions"}],"predecessor-version":[{"id":4001,"href":"https:\/\/cpujue.educacion.navarra.es\/blog\/wp-json\/wp\/v2\/posts\/3614\/revisions\/4001"}],"wp:attachment":[{"href":"https:\/\/cpujue.educacion.navarra.es\/blog\/wp-json\/wp\/v2\/media?parent=3614"}],"wp:term":[{"taxonomy":"category","embeddable":true,"href":"https:\/\/cpujue.educacion.navarra.es\/blog\/wp-json\/wp\/v2\/categories?post=3614"},{"taxonomy":"post_tag","embeddable":true,"href":"https:\/\/cpujue.educacion.navarra.es\/blog\/wp-json\/wp\/v2\/tags?post=3614"}],"curies":[{"name":"wp","href":"https:\/\/api.w.org\/{rel}","templated":true}]}}