{"id":44,"date":"2012-01-19T13:57:28","date_gmt":"2012-01-19T12:57:28","guid":{"rendered":"http:\/\/cpujue.educacion.navarra.es\/blog\/?p=44"},"modified":"2012-05-18T20:44:53","modified_gmt":"2012-05-18T18:44:53","slug":"ha-nacido-suri","status":"publish","type":"post","link":"https:\/\/cpujue.educacion.navarra.es\/blog\/2012\/01\/ha-nacido-suri\/","title":{"rendered":"HA NACIDO SURI"},"content":{"rendered":"<div id=\"attachment_201\" style=\"width: 2602px\" class=\"wp-caption aligncenter\"><a href=\"https:\/\/cpujue.educacion.navarra.es\/blog\/wp-content\/uploads\/2012\/01\/INCUBACION-008.jpg\"><img aria-describedby=\"caption-attachment-201\" loading=\"lazy\" class=\"size-full wp-image-201\" title=\"INCUBACION 008\" src=\"https:\/\/cpujue.educacion.navarra.es\/blog\/wp-content\/uploads\/2012\/01\/INCUBACION-008.jpg\" alt=\"\" width=\"2592\" height=\"1728\" srcset=\"https:\/\/cpujue.educacion.navarra.es\/blog\/wp-content\/uploads\/2012\/01\/INCUBACION-008.jpg 2592w, https:\/\/cpujue.educacion.navarra.es\/blog\/wp-content\/uploads\/2012\/01\/INCUBACION-008-300x200.jpg 300w, https:\/\/cpujue.educacion.navarra.es\/blog\/wp-content\/uploads\/2012\/01\/INCUBACION-008-1024x682.jpg 1024w, https:\/\/cpujue.educacion.navarra.es\/blog\/wp-content\/uploads\/2012\/01\/INCUBACION-008-450x300.jpg 450w\" sizes=\"(max-width: 2592px) 100vw, 2592px\" \/><\/a><p id=\"caption-attachment-201\" class=\"wp-caption-text\">ESTE GALLO ES MALO PORQUE SE SUBI\u00d3 A LA CABEZA DE OIER. ES EL PADRE DEL POLLITO.<\/p><\/div>\n<p>\u00a0Todo empez\u00f3 el 20 de septiembre de 2011 cuando Oier trajo 24 huevos a la escuela para introducirlos en la incubadora y\u00a0 nacieran\u00a0 pollitos. Antes de meterlos\u00a0 abrimos uno para aprender a diferenciar un huevo fecundado de otro no fecundado. A cada huevo le marcamos con una X para saber en el momento de girarlos a qu\u00e9 lado tocaba porque las gallinas cada d\u00eda le dan varias vueltas para que se caliente por todos los lados y no se pegue el pollo a la membrana interior.<\/p>\n<p>Cada d\u00eda\u00a0 mir\u00e1bamos la temperatura de la incubadora con el term\u00f3metro y la humedad con el higr\u00f3metro porque necesitan tener humedad y calor para sobrevivir.<\/p>\n<p>Esther trajo un ovoscopio con el que se pod\u00eda ver el interior del huevo, se observaba una mancha que a veces\u00a0 la confund\u00edamos con la yema del huevo, en la membrana interior de algunos huevos se ve\u00edan unas peque\u00f1as grietas. Buscamos informaci\u00f3n sobre la evoluci\u00f3n del pollo y los miramos uno por uno por el ovoscopio.<\/p>\n<div id=\"attachment_45\" style=\"width: 2602px\" class=\"wp-caption aligncenter\"><a href=\"https:\/\/cpujue.educacion.navarra.es\/blog\/wp-content\/uploads\/2012\/01\/POLLITO-0031.jpg\"><img aria-describedby=\"caption-attachment-45\" loading=\"lazy\" class=\"size-full wp-image-45\" title=\"HA NACIDO SURI\" src=\"https:\/\/cpujue.educacion.navarra.es\/blog\/wp-content\/uploads\/2012\/01\/POLLITO-0031.jpg\" alt=\"\" width=\"2592\" height=\"1728\" srcset=\"https:\/\/cpujue.educacion.navarra.es\/blog\/wp-content\/uploads\/2012\/01\/POLLITO-0031.jpg 2592w, https:\/\/cpujue.educacion.navarra.es\/blog\/wp-content\/uploads\/2012\/01\/POLLITO-0031-300x200.jpg 300w, https:\/\/cpujue.educacion.navarra.es\/blog\/wp-content\/uploads\/2012\/01\/POLLITO-0031-1024x682.jpg 1024w, https:\/\/cpujue.educacion.navarra.es\/blog\/wp-content\/uploads\/2012\/01\/POLLITO-0031-450x300.jpg 450w\" sizes=\"(max-width: 2592px) 100vw, 2592px\" \/><\/a><p id=\"caption-attachment-45\" class=\"wp-caption-text\">EST\u00c1 APRENDIENDO A ANDAR<\/p><\/div>\n<p>El miercoles 11 de octubre por la ma\u00f1ana dimos gritos de alegr\u00eda porque hab\u00eda nacido un pollito negro, gordito y peque\u00f1ito al que le pusimos por nombre Suri. Pens\u00e1bamos que era gallo cuando nos pareci\u00f3 ver el espol\u00f3n (1) y los ojos de color negro. Como del resto de los huevos no sali\u00f3 ning\u00fan pollo, los abrimos\u00a0\u00a0 y uno sali\u00f3 muerto y ol\u00eda a mierda,\u00a0 y en los dem\u00e1s se junt\u00f3 la yema con la clara y sali\u00f3 un l\u00edquido\u00a0 amarillo claro que se parec\u00eda al ponche de huevo y a las natillas.<\/p>\n<div id=\"attachment_202\" style=\"width: 2602px\" class=\"wp-caption aligncenter\"><a href=\"https:\/\/cpujue.educacion.navarra.es\/blog\/wp-content\/uploads\/2012\/01\/INCUBACION-112.jpg\"><img aria-describedby=\"caption-attachment-202\" loading=\"lazy\" class=\"size-full wp-image-202\" title=\"INCUBACION 112\" src=\"https:\/\/cpujue.educacion.navarra.es\/blog\/wp-content\/uploads\/2012\/01\/INCUBACION-112.jpg\" alt=\"\" width=\"2592\" height=\"1728\" srcset=\"https:\/\/cpujue.educacion.navarra.es\/blog\/wp-content\/uploads\/2012\/01\/INCUBACION-112.jpg 2592w, https:\/\/cpujue.educacion.navarra.es\/blog\/wp-content\/uploads\/2012\/01\/INCUBACION-112-300x200.jpg 300w, https:\/\/cpujue.educacion.navarra.es\/blog\/wp-content\/uploads\/2012\/01\/INCUBACION-112-1024x682.jpg 1024w, https:\/\/cpujue.educacion.navarra.es\/blog\/wp-content\/uploads\/2012\/01\/INCUBACION-112-450x300.jpg 450w\" sizes=\"(max-width: 2592px) 100vw, 2592px\" \/><\/a><p id=\"caption-attachment-202\" class=\"wp-caption-text\">EL OLLOJUEGACONUNPELUCHE<\/p><\/div>\n<p>\u00a0A Suri los primeros d\u00edas le d\u00e1bamos de comer leche con pan y huevo cocido escachado. Unos d\u00edas m\u00e1s tarde Loli Sola nos dio pienso\u00a0 adecuado para alimentar al pollo y que\u00a0 engordara. Para beber le d\u00e1bamos agua. Tambi\u00e9n para que no estuviera solo le metimos un peluche con el que jugaba, donde se escond\u00eda y donde escalaba. Era muy feliz, no le faltaba de nada. Ten\u00eda calor, comida y gente que le cuidaba.<\/p>\n<p>Le pon\u00edamos la comida en la incubadora y le limpi\u00e1bamos cada d\u00eda porque no hac\u00eda cosa buena, tiraba la comida y se met\u00eda dentro\u00a0 del cuenco de la leche y del agua.<\/p>\n<p>A medida que fueron pasando los d\u00edas el plumaje le cambi\u00f3 y le salieron plumas de color blanco. Miramos a su padre en una foto y a Suri y dimos por definitivo que era gallo.<\/p>\n<p>Cuando pegaba en el techo de la incubadora porque era grande lo trasladamos a una caja de cart\u00f3n que trajo Lorena. Ah\u00ed ten\u00eda paja, comida, agua y un peluche con quien jugaba. Cuando empez\u00f3 a aprender a volar se sal\u00eda de la caja, corr\u00eda por la clase y \u201cplantaba un pino\u201d.<\/p>\n<div id=\"attachment_203\" style=\"width: 2602px\" class=\"wp-caption aligncenter\"><a href=\"https:\/\/cpujue.educacion.navarra.es\/blog\/wp-content\/uploads\/2012\/01\/INCUBACION-132.jpg\"><img aria-describedby=\"caption-attachment-203\" loading=\"lazy\" class=\"size-full wp-image-203\" title=\"INCUBACION 132\" src=\"https:\/\/cpujue.educacion.navarra.es\/blog\/wp-content\/uploads\/2012\/01\/INCUBACION-132.jpg\" alt=\"\" width=\"2592\" height=\"1728\" srcset=\"https:\/\/cpujue.educacion.navarra.es\/blog\/wp-content\/uploads\/2012\/01\/INCUBACION-132.jpg 2592w, https:\/\/cpujue.educacion.navarra.es\/blog\/wp-content\/uploads\/2012\/01\/INCUBACION-132-300x200.jpg 300w, https:\/\/cpujue.educacion.navarra.es\/blog\/wp-content\/uploads\/2012\/01\/INCUBACION-132-1024x682.jpg 1024w, https:\/\/cpujue.educacion.navarra.es\/blog\/wp-content\/uploads\/2012\/01\/INCUBACION-132-450x300.jpg 450w\" sizes=\"(max-width: 2592px) 100vw, 2592px\" \/><\/a><p id=\"caption-attachment-203\" class=\"wp-caption-text\">SE MET\u00cdA DEBAJO DEL PELUCHE EL POLLITO<\/p><\/div>\n<p>\u00a0Por la noche lo met\u00edamos en la incubadora para que no pasara fr\u00edo, pasados ya tres o cuatro d\u00edas dejamos al pollito toda la noche en la caja para que se acostumbrara a las nuevas condiciones de vida en la granja.<\/p>\n<div id=\"attachment_204\" style=\"width: 2602px\" class=\"wp-caption aligncenter\"><a href=\"https:\/\/cpujue.educacion.navarra.es\/blog\/wp-content\/uploads\/2012\/01\/INCUBACION-192.jpg\"><img aria-describedby=\"caption-attachment-204\" loading=\"lazy\" class=\"size-full wp-image-204\" title=\"INCUBACION 192\" src=\"https:\/\/cpujue.educacion.navarra.es\/blog\/wp-content\/uploads\/2012\/01\/INCUBACION-192.jpg\" alt=\"\" width=\"2592\" height=\"1728\" srcset=\"https:\/\/cpujue.educacion.navarra.es\/blog\/wp-content\/uploads\/2012\/01\/INCUBACION-192.jpg 2592w, https:\/\/cpujue.educacion.navarra.es\/blog\/wp-content\/uploads\/2012\/01\/INCUBACION-192-300x200.jpg 300w, https:\/\/cpujue.educacion.navarra.es\/blog\/wp-content\/uploads\/2012\/01\/INCUBACION-192-1024x682.jpg 1024w, https:\/\/cpujue.educacion.navarra.es\/blog\/wp-content\/uploads\/2012\/01\/INCUBACION-192-450x300.jpg 450w\" sizes=\"(max-width: 2592px) 100vw, 2592px\" \/><\/a><p id=\"caption-attachment-204\" class=\"wp-caption-text\">LE DAMOS DE COMER AL POLLICO Y EST\u00c1 LA ABUELA DE OIER PARA LLEV\u00c1RSELO A LA GRANJA<\/p><\/div>\n<p>Cuando Suri cumpli\u00f3 un mes le cantamos la canci\u00f3n de \u201cCumplemeses feliz\u201d y nos despedimos de \u00e9l dici\u00e9ndole adi\u00f3s porque se iba a la granja de Oier donde estaban sus padres.<\/p>\n<p>\u00a0Hace unos d\u00edas recibimos la noticia de que el supuesto gallo era gallina.<\/p>\n<p>MARCOS, MAR\u00cdA, LORENA, \u00cd\u00d1IGO, ARITZ, IBAI Y OIER<\/p>\n<p>&nbsp;<\/p>\n<p>&nbsp;<\/p>\n","protected":false},"excerpt":{"rendered":"<p>\u00a0Todo empez\u00f3 el 20 de septiembre de 2011 cuando Oier trajo 24 huevos a la escuela para introducirlos en la incubadora y\u00a0 nacieran\u00a0 pollitos. Antes de meterlos\u00a0 abrimos uno para aprender a diferenciar un huevo fecundado de otro no fecundado. &hellip; <a href=\"https:\/\/cpujue.educacion.navarra.es\/blog\/2012\/01\/ha-nacido-suri\/\">Sigue leyendo <span class=\"meta-nav\">&rarr;<\/span><\/a><\/p>\n","protected":false},"author":1,"featured_media":0,"comment_status":"open","ping_status":"open","sticky":false,"template":"","format":"standard","meta":[],"categories":[8],"tags":[],"_links":{"self":[{"href":"https:\/\/cpujue.educacion.navarra.es\/blog\/wp-json\/wp\/v2\/posts\/44"}],"collection":[{"href":"https:\/\/cpujue.educacion.navarra.es\/blog\/wp-json\/wp\/v2\/posts"}],"about":[{"href":"https:\/\/cpujue.educacion.navarra.es\/blog\/wp-json\/wp\/v2\/types\/post"}],"author":[{"embeddable":true,"href":"https:\/\/cpujue.educacion.navarra.es\/blog\/wp-json\/wp\/v2\/users\/1"}],"replies":[{"embeddable":true,"href":"https:\/\/cpujue.educacion.navarra.es\/blog\/wp-json\/wp\/v2\/comments?post=44"}],"version-history":[{"count":13,"href":"https:\/\/cpujue.educacion.navarra.es\/blog\/wp-json\/wp\/v2\/posts\/44\/revisions"}],"predecessor-version":[{"id":337,"href":"https:\/\/cpujue.educacion.navarra.es\/blog\/wp-json\/wp\/v2\/posts\/44\/revisions\/337"}],"wp:attachment":[{"href":"https:\/\/cpujue.educacion.navarra.es\/blog\/wp-json\/wp\/v2\/media?parent=44"}],"wp:term":[{"taxonomy":"category","embeddable":true,"href":"https:\/\/cpujue.educacion.navarra.es\/blog\/wp-json\/wp\/v2\/categories?post=44"},{"taxonomy":"post_tag","embeddable":true,"href":"https:\/\/cpujue.educacion.navarra.es\/blog\/wp-json\/wp\/v2\/tags?post=44"}],"curies":[{"name":"wp","href":"https:\/\/api.w.org\/{rel}","templated":true}]}}