{"id":54,"date":"2012-01-26T17:23:51","date_gmt":"2012-01-26T16:23:51","guid":{"rendered":"http:\/\/cpujue.educacion.navarra.es\/blog\/?p=54"},"modified":"2012-05-18T20:43:44","modified_gmt":"2012-05-18T18:43:44","slug":"la-piedra-magica-2","status":"publish","type":"post","link":"https:\/\/cpujue.educacion.navarra.es\/blog\/2012\/01\/la-piedra-magica-2\/","title":{"rendered":"LA PIEDRA M\u00c1GICA"},"content":{"rendered":"<p><a href=\"https:\/\/cpujue.educacion.navarra.es\/blog\/wp-content\/uploads\/2012\/01\/lorena-cuento-mejorado.jpg\"><img loading=\"lazy\" class=\" wp-image-131 alignleft\" title=\"lorena cuento mejorado\" src=\"https:\/\/cpujue.educacion.navarra.es\/blog\/wp-content\/uploads\/2012\/01\/lorena-cuento-mejorado-182x300.jpg\" alt=\"\" width=\"283\" height=\"353\" \/><\/a><\/p>\n<p>Hab\u00eda una vez un ni\u00f1o peque\u00f1o y rubio que caminaba solo y triste porque hab\u00edan muerto sus padres. Mientras caminabas se tropez\u00f3 y se cay\u00f3. Mir\u00f3 hacia atr\u00e1s y vio una piedra bonita y reluciente que brillaba a la luz del sol. L acogi\u00f3 y se dijo a si mismo: \u201cQu\u00e9 bonita eres, vas a ser mi mejor\u00a0 amiga y te cuidar\u00e9 siempre\u201d. Al cabo de un rato la piedra le dijo:<\/p>\n<p>&#8211; S\u00e9 lo que te pasa y quiero ayudarte.<\/p>\n<p>El ni\u00f1o, \u00a0con una sonrisa de oreja a oreja, \u00a0le contest\u00f3:<\/p>\n<p>&#8211;\u00a0Muchas gracias. Lo \u00fanico que quiero es conseguir de nuevo a mis\u00a0 padres.<\/p>\n<p>&#8211;\u00a0Toma este papel, l\u00e9elo y pron\u00fancialo en voz alta.<\/p>\n<p>As\u00ed lo hizo y sus padres volvieron con \u00e9l. El ni\u00f1o Mat\u00edas, sus padres y la piedra vivieron muchos a\u00f1os felices y contentos.<\/p>\n<p>LORENA<\/p>\n","protected":false},"excerpt":{"rendered":"<p>Hab\u00eda una vez un ni\u00f1o peque\u00f1o y rubio que caminaba solo y triste porque hab\u00edan muerto sus padres. Mientras caminabas se tropez\u00f3 y se cay\u00f3. Mir\u00f3 hacia atr\u00e1s y vio una piedra bonita y reluciente que brillaba a la luz &hellip; <a href=\"https:\/\/cpujue.educacion.navarra.es\/blog\/2012\/01\/la-piedra-magica-2\/\">Sigue leyendo <span class=\"meta-nav\">&rarr;<\/span><\/a><\/p>\n","protected":false},"author":1,"featured_media":0,"comment_status":"open","ping_status":"open","sticky":false,"template":"","format":"standard","meta":[],"categories":[4],"tags":[],"_links":{"self":[{"href":"https:\/\/cpujue.educacion.navarra.es\/blog\/wp-json\/wp\/v2\/posts\/54"}],"collection":[{"href":"https:\/\/cpujue.educacion.navarra.es\/blog\/wp-json\/wp\/v2\/posts"}],"about":[{"href":"https:\/\/cpujue.educacion.navarra.es\/blog\/wp-json\/wp\/v2\/types\/post"}],"author":[{"embeddable":true,"href":"https:\/\/cpujue.educacion.navarra.es\/blog\/wp-json\/wp\/v2\/users\/1"}],"replies":[{"embeddable":true,"href":"https:\/\/cpujue.educacion.navarra.es\/blog\/wp-json\/wp\/v2\/comments?post=54"}],"version-history":[{"count":11,"href":"https:\/\/cpujue.educacion.navarra.es\/blog\/wp-json\/wp\/v2\/posts\/54\/revisions"}],"predecessor-version":[{"id":336,"href":"https:\/\/cpujue.educacion.navarra.es\/blog\/wp-json\/wp\/v2\/posts\/54\/revisions\/336"}],"wp:attachment":[{"href":"https:\/\/cpujue.educacion.navarra.es\/blog\/wp-json\/wp\/v2\/media?parent=54"}],"wp:term":[{"taxonomy":"category","embeddable":true,"href":"https:\/\/cpujue.educacion.navarra.es\/blog\/wp-json\/wp\/v2\/categories?post=54"},{"taxonomy":"post_tag","embeddable":true,"href":"https:\/\/cpujue.educacion.navarra.es\/blog\/wp-json\/wp\/v2\/tags?post=54"}],"curies":[{"name":"wp","href":"https:\/\/api.w.org\/{rel}","templated":true}]}}